{"id":39829,"date":"2026-03-18T17:54:22","date_gmt":"2026-03-18T16:54:22","guid":{"rendered":"https:\/\/guineechrono.com\/?p=39829"},"modified":"2026-03-19T12:15:30","modified_gmt":"2026-03-19T11:15:30","slug":"cooperation-cinematographique-amara-trawaly-propulse-la-guinee-au-centre-du-jeu-regional","status":"publish","type":"post","link":"https:\/\/guineechrono.com\/index.php\/cooperation-cinematographique-amara-trawaly-propulse-la-guinee-au-centre-du-jeu-regional\/","title":{"rendered":"Coop\u00e9ration cin\u00e9matographique : Amara Trawaly propulse la Guin\u00e9e au centre du jeu r\u00e9gional"},"content":{"rendered":"<p>Les 17 et 18 mars 2026, la capitale burkinab\u00e8 a vibr\u00e9 au rythme d\u2019une rencontre majeure pour l\u2019avenir du cin\u00e9ma ouest-africain. Les Directeurs g\u00e9n\u00e9raux du cin\u00e9ma de l\u2019espace UEMOA et de la Guin\u00e9e se sont r\u00e9unis \u00e0 Ouagadougou pour harmoniser leurs politiques et jeter les bases d\u2019une coop\u00e9ration renforc\u00e9e. Au centre de ces \u00e9changes, la participation remarqu\u00e9e de M. Amara Trawaly, Directeur g\u00e9n\u00e9ral de l\u2019Office National du Cin\u00e9ma Guin\u00e9en (ONACIG), a marqu\u00e9 les esprits.<\/p>\n<p>Plac\u00e9e sous le haut patronage de Monsieur Pingwend\u00e9 Gilbert Ou\u00e9draogo, Ministre de la Communication, de la Culture, des Arts et du Tourisme du Burkina Faso, cette initiative, port\u00e9e par l\u2019Agence burkinab\u00e8 du cin\u00e9ma et de l\u2019audiovisuel dirig\u00e9e par Moussa Alex Sawadogo, visait \u00e0 renforcer la coop\u00e9ration r\u00e9gionale dans le secteur cin\u00e9matographique.<\/p>\n<p><a href=\"https:\/\/guineechrono.com\/wp-content\/uploads\/2026\/03\/1000374902.jpg\"><img fetchpriority=\"high\" decoding=\"async\" class=\"alignleft size-medium wp-image-39830\" src=\"https:\/\/guineechrono.com\/wp-content\/uploads\/2026\/03\/1000374902-300x205.jpg\" alt=\"\" width=\"300\" height=\"205\" srcset=\"https:\/\/guineechrono.com\/wp-content\/uploads\/2026\/03\/1000374902-300x205.jpg 300w, https:\/\/guineechrono.com\/wp-content\/uploads\/2026\/03\/1000374902-750x514.jpg 750w, https:\/\/guineechrono.com\/wp-content\/uploads\/2026\/03\/1000374902.jpg 768w\" sizes=\"(max-width: 300px) 100vw, 300px\" \/><\/a><\/p>\n<p>Dans ce cadre, Amara Trawaly s\u2019est illustr\u00e9 comme l\u2019un des acteurs cl\u00e9s de cette dynamique. Tr\u00e8s engag\u00e9 dans les discussions, le Directeur g\u00e9n\u00e9ral de l\u2019ONACIG a plaid\u00e9 pour une meilleure coordination entre les institutions nationales afin de rompre avec l\u2019isolement des politiques culturelles.<\/p>\n<p>\u00ab Cette rencontre constitue une avanc\u00e9e historique. Elle nous offre une plateforme unique pour mutualiser nos exp\u00e9riences, identifier nos d\u00e9fis communs et construire une vision partag\u00e9e du cin\u00e9ma africain \u00bb, a-t-il d\u00e9clar\u00e9.<\/p>\n<p>Au-del\u00e0 des \u00e9changes protocolaires, les travaux ont d\u00e9bouch\u00e9 sur des pistes concr\u00e8tes pour structurer durablement l\u2019industrie cin\u00e9matographique r\u00e9gionale. L\u00e0 encore, la contribution d\u2019Amara Trawaly a \u00e9t\u00e9 d\u00e9terminante.<\/p>\n<p><a href=\"https:\/\/guineechrono.com\/wp-content\/uploads\/2026\/03\/IMG-20260318-WA0046.jpg\"><img decoding=\"async\" class=\"alignleft size-medium wp-image-39832\" src=\"https:\/\/guineechrono.com\/wp-content\/uploads\/2026\/03\/IMG-20260318-WA0046-300x200.jpg\" alt=\"\" width=\"300\" height=\"200\" srcset=\"https:\/\/guineechrono.com\/wp-content\/uploads\/2026\/03\/IMG-20260318-WA0046-300x200.jpg 300w, https:\/\/guineechrono.com\/wp-content\/uploads\/2026\/03\/IMG-20260318-WA0046.jpg 720w\" sizes=\"(max-width: 300px) 100vw, 300px\" \/><\/a><\/p>\n<p>Les discussions ont port\u00e9 notamment sur :<\/p>\n<p>La gouvernance, avec la n\u00e9cessit\u00e9 d\u2019harmoniser les cadres r\u00e9glementaires ;<\/p>\n<p>Le financement, en mettant l\u2019accent sur la mutualisation des m\u00e9canismes de soutien \u00e0 la cr\u00e9ation ;<\/p>\n<p>La diffusion, afin de faciliter la circulation des \u0153uvres africaines \u00e0 l\u2019\u00e9chelle r\u00e9gionale.<\/p>\n<p>Pour le patron de l\u2019ONACIG, ces avanc\u00e9es traduisent une volont\u00e9 r\u00e9elle de transformation :<\/p>\n<p>\u00ab Ce qui est particuli\u00e8rement encourageant, c\u2019est que nous sommes all\u00e9s au-del\u00e0 des intentions. Des solutions concr\u00e8tes ont \u00e9t\u00e9 identifi\u00e9es pour renforcer notre coop\u00e9ration et b\u00e2tir une industrie plus solide. \u00bb<\/p>\n<p>L\u2019un des moments forts de ce sommet reste l\u2019annonce du passage de relais \u00e0 la Guin\u00e9e, qui accueillera la prochaine rencontre des Directeurs de la cin\u00e9matographie en juillet 2026 \u00e0 Conakry.<\/p>\n<p><a href=\"https:\/\/guineechrono.com\/wp-content\/uploads\/2026\/03\/1000374902.jpg\"><img fetchpriority=\"high\" decoding=\"async\" class=\"alignleft size-medium wp-image-39830\" src=\"https:\/\/guineechrono.com\/wp-content\/uploads\/2026\/03\/1000374902-300x205.jpg\" alt=\"\" width=\"300\" height=\"205\" srcset=\"https:\/\/guineechrono.com\/wp-content\/uploads\/2026\/03\/1000374902-300x205.jpg 300w, https:\/\/guineechrono.com\/wp-content\/uploads\/2026\/03\/1000374902-750x514.jpg 750w, https:\/\/guineechrono.com\/wp-content\/uploads\/2026\/03\/1000374902.jpg 768w\" sizes=\"(max-width: 300px) 100vw, 300px\" \/><\/a><\/p>\n<p>Une perspective qui consacre les efforts et l\u2019engagement personnel d\u2019Amara Trawaly dans la promotion de cette initiative r\u00e9gionale.<\/p>\n<p>\u00ab Ce projet m\u2019a toujours tenu \u00e0 c\u0153ur. J\u2019ai \u0153uvr\u00e9, \u00e0 mon niveau, pour faire avancer cette id\u00e9e, et aujourd\u2019hui, elle devient une r\u00e9alit\u00e9 concr\u00e8te \u00bb, a-t-il confi\u00e9 avec satisfaction.<\/p>\n<p>Adopt\u00e9e \u00e0 l\u2019issue des travaux, une d\u00e9claration commune est venue formaliser la volont\u00e9 des \u00c9tats de faire du cin\u00e9ma un v\u00e9ritable levier de d\u00e9veloppement \u00e9conomique et culturel.<\/p>\n<p>D\u00e9sormais, tous les regards sont tourn\u00e9s vers Conakry, o\u00f9 Amara Trawaly entend consolider les acquis de Ouagadougou et poursuivre la construction d\u2019un march\u00e9 int\u00e9gr\u00e9 du film ouest-africain, fond\u00e9 sur la coop\u00e9ration, l\u2019innovation et la valorisation des talents du continent.<\/p>\n<p><strong>Aboubacar Pastoria Camara\u00a0<\/strong><\/p>\n","protected":false},"excerpt":{"rendered":"<p>Les 17 et 18 mars 2026, la capitale burkinab\u00e8 a vibr\u00e9 au rythme d\u2019une rencontre majeure pour l\u2019avenir du cin\u00e9ma ouest-africain. Les Directeurs g\u00e9n\u00e9raux du cin\u00e9ma de l\u2019espace UEMOA et de la Guin\u00e9e se sont r\u00e9unis \u00e0 Ouagadougou pour harmoniser leurs politiques et jeter les bases d\u2019une coop\u00e9ration renforc\u00e9e. Au centre de ces \u00e9changes, la [&hellip;]<\/p>\n","protected":false},"author":2,"featured_media":39834,"comment_status":"open","ping_status":"closed","sticky":false,"template":"","format":"standard","meta":{"buzzeditor_post_format":"","footnotes":""},"categories":[46],"tags":[],"class_list":["post-39829","post","type-post","status-publish","format-standard","has-post-thumbnail","hentry","category-societe"],"jetpack_featured_media_url":"https:\/\/guineechrono.com\/wp-content\/uploads\/2026\/03\/IMG-20260318-WA0037.jpg","amp_enabled":true,"_links":{"self":[{"href":"https:\/\/guineechrono.com\/index.php\/wp-json\/wp\/v2\/posts\/39829","targetHints":{"allow":["GET"]}}],"collection":[{"href":"https:\/\/guineechrono.com\/index.php\/wp-json\/wp\/v2\/posts"}],"about":[{"href":"https:\/\/guineechrono.com\/index.php\/wp-json\/wp\/v2\/types\/post"}],"author":[{"embeddable":true,"href":"https:\/\/guineechrono.com\/index.php\/wp-json\/wp\/v2\/users\/2"}],"replies":[{"embeddable":true,"href":"https:\/\/guineechrono.com\/index.php\/wp-json\/wp\/v2\/comments?post=39829"}],"version-history":[{"count":1,"href":"https:\/\/guineechrono.com\/index.php\/wp-json\/wp\/v2\/posts\/39829\/revisions"}],"predecessor-version":[{"id":39835,"href":"https:\/\/guineechrono.com\/index.php\/wp-json\/wp\/v2\/posts\/39829\/revisions\/39835"}],"wp:featuredmedia":[{"embeddable":true,"href":"https:\/\/guineechrono.com\/index.php\/wp-json\/wp\/v2\/media\/39834"}],"wp:attachment":[{"href":"https:\/\/guineechrono.com\/index.php\/wp-json\/wp\/v2\/media?parent=39829"}],"wp:term":[{"taxonomy":"category","embeddable":true,"href":"https:\/\/guineechrono.com\/index.php\/wp-json\/wp\/v2\/categories?post=39829"},{"taxonomy":"post_tag","embeddable":true,"href":"https:\/\/guineechrono.com\/index.php\/wp-json\/wp\/v2\/tags?post=39829"}],"curies":[{"name":"wp","href":"https:\/\/api.w.org\/{rel}","templated":true}]}}