{"id":40224,"date":"2026-04-28T17:23:46","date_gmt":"2026-04-28T16:23:46","guid":{"rendered":"https:\/\/guineechrono.com\/?p=40224"},"modified":"2026-04-28T17:29:39","modified_gmt":"2026-04-28T16:29:39","slug":"mondial-2026-aux-etats-unis-djely-kaba-bintou-annoncee-parmi-les-artistes-invites","status":"publish","type":"post","link":"https:\/\/guineechrono.com\/index.php\/mondial-2026-aux-etats-unis-djely-kaba-bintou-annoncee-parmi-les-artistes-invites\/","title":{"rendered":"Mondial 2026 aux \u00c9tats-Unis : Djely Kaba Bintou annonc\u00e9e parmi les artistes invit\u00e9s ?"},"content":{"rendered":"<p><strong>Une d\u00e9claration r\u00e9cente de l\u2019ambassadeur Mamadou Bhoye Bald\u00e9, depuis les \u00c9tats-Unis, suscite l\u2019int\u00e9r\u00eat et alimente les sp\u00e9culations autour de la participation de l\u2019artiste guin\u00e9enne Djely Kaba Bintou \u00e0 la Coupe du Monde 2026.<\/strong><\/p>\n<p data-start=\"410\" data-end=\"657\">Dans son message, le diplomate exprime \u00ab l\u2019honneur et la fiert\u00e9 \u00bb de voir la chanteuse pressentie pour repr\u00e9senter la Guin\u00e9e \u00e0 cet \u00e9v\u00e9nement mondial. Il salue \u00e9galement son talent et son engagement, la qualifiant de figure d\u2019excellence artistique.<\/p>\n<p data-start=\"659\" data-end=\"856\">\u00ab \u00c0 l\u2019occasion de la Coupe du Monde aux \u00c9tats-Unis, nous avons l\u2019honneur et la fiert\u00e9 de savoir que notre star sera invit\u00e9e \u00e0 repr\u00e9senter, \u00e0 sa mani\u00e8re, l\u2019excellence et le talent \u00bb, a-t-il d\u00e9clar\u00e9.<\/p>\n<p data-start=\"858\" data-end=\"1190\">Au-del\u00e0 de cet hommage, le message prend une tournure plus personnelle, \u00e9voquant les valeurs de respect, de dignit\u00e9 et d\u2019apaisement. L\u2019ambassadeur appelle notamment \u00e0 des gestes de r\u00e9conciliation dans un contexte marqu\u00e9 par des tensions m\u00e9diatis\u00e9es, invitant l\u2019artiste Azaya \u00e0 \u00ab faire preuve de grandeur \u00bb en pr\u00e9sentant ses excuses.<\/p>\n<p data-start=\"1192\" data-end=\"1348\">\u00ab Les femmes de valeur m\u00e9ritent respect, consid\u00e9ration et dignit\u00e9 en toutes circonstances \u00bb, a-t-il insist\u00e9, tout en formulant un v\u0153u de paix et d\u2019harmonie.<\/p>\n<p data-start=\"1350\" data-end=\"1581\">Toutefois, aucune confirmation officielle n\u2019a \u00e9t\u00e9 communiqu\u00e9e par les organisateurs de la Coupe du Monde concernant la participation de Djely Kaba Bintou. Cette annonce reste donc, pour l\u2019heure, au stade de d\u00e9claration non valid\u00e9e.<\/p>\n<p data-start=\"1583\" data-end=\"1764\">En attendant une \u00e9ventuelle officialisation, cette prise de parole t\u00e9moigne de l\u2019engouement et de l\u2019espoir suscit\u00e9s par la pr\u00e9sence d\u2019artistes africains sur la sc\u00e8ne internationale.<\/p>\n<p><strong>R\u00e9daction <\/strong><\/p>\n","protected":false},"excerpt":{"rendered":"<p>Une d\u00e9claration r\u00e9cente de l\u2019ambassadeur Mamadou Bhoye Bald\u00e9, depuis les \u00c9tats-Unis, suscite l\u2019int\u00e9r\u00eat et alimente les sp\u00e9culations autour de la participation de l\u2019artiste guin\u00e9enne Djely Kaba Bintou \u00e0 la Coupe du Monde 2026. Dans son message, le diplomate exprime \u00ab l\u2019honneur et la fiert\u00e9 \u00bb de voir la chanteuse pressentie pour repr\u00e9senter la Guin\u00e9e \u00e0 [&hellip;]<\/p>\n","protected":false},"author":2,"featured_media":40225,"comment_status":"open","ping_status":"closed","sticky":false,"template":"","format":"standard","meta":{"buzzeditor_post_format":"","footnotes":""},"categories":[45],"tags":[],"class_list":["post-40224","post","type-post","status-publish","format-standard","has-post-thumbnail","hentry","category-sport"],"jetpack_featured_media_url":"https:\/\/guineechrono.com\/wp-content\/uploads\/2026\/04\/1777391231539.jpg","amp_enabled":true,"_links":{"self":[{"href":"https:\/\/guineechrono.com\/index.php\/wp-json\/wp\/v2\/posts\/40224","targetHints":{"allow":["GET"]}}],"collection":[{"href":"https:\/\/guineechrono.com\/index.php\/wp-json\/wp\/v2\/posts"}],"about":[{"href":"https:\/\/guineechrono.com\/index.php\/wp-json\/wp\/v2\/types\/post"}],"author":[{"embeddable":true,"href":"https:\/\/guineechrono.com\/index.php\/wp-json\/wp\/v2\/users\/2"}],"replies":[{"embeddable":true,"href":"https:\/\/guineechrono.com\/index.php\/wp-json\/wp\/v2\/comments?post=40224"}],"version-history":[{"count":4,"href":"https:\/\/guineechrono.com\/index.php\/wp-json\/wp\/v2\/posts\/40224\/revisions"}],"predecessor-version":[{"id":40229,"href":"https:\/\/guineechrono.com\/index.php\/wp-json\/wp\/v2\/posts\/40224\/revisions\/40229"}],"wp:featuredmedia":[{"embeddable":true,"href":"https:\/\/guineechrono.com\/index.php\/wp-json\/wp\/v2\/media\/40225"}],"wp:attachment":[{"href":"https:\/\/guineechrono.com\/index.php\/wp-json\/wp\/v2\/media?parent=40224"}],"wp:term":[{"taxonomy":"category","embeddable":true,"href":"https:\/\/guineechrono.com\/index.php\/wp-json\/wp\/v2\/categories?post=40224"},{"taxonomy":"post_tag","embeddable":true,"href":"https:\/\/guineechrono.com\/index.php\/wp-json\/wp\/v2\/tags?post=40224"}],"curies":[{"name":"wp","href":"https:\/\/api.w.org\/{rel}","templated":true}]}}