{"id":40230,"date":"2026-04-28T17:54:30","date_gmt":"2026-04-28T16:54:30","guid":{"rendered":"https:\/\/guineechrono.com\/?p=40230"},"modified":"2026-04-28T17:54:30","modified_gmt":"2026-04-28T16:54:30","slug":"medias-le-sppg-communique-sur-larrestation-arbitraire-du-journaliste-cheick-camara-de-cavi-medias","status":"publish","type":"post","link":"https:\/\/guineechrono.com\/index.php\/medias-le-sppg-communique-sur-larrestation-arbitraire-du-journaliste-cheick-camara-de-cavi-medias\/","title":{"rendered":"Medias : le SPPG communique sur l\u2019arrestation arbitraire du journaliste Cheick CAMARA de Cavi M\u00e9dias"},"content":{"rendered":"<p><strong>Communiqu\u00e9<br \/>\n<\/strong><br \/>\nLe Bureau National du Syndicat des Professionnels de la Presse de Guin\u00e9e (SPPG) condamne avec la plus grande fermet\u00e9 l\u2019arrestation arbitraire de notre confr\u00e8re Cheick CAMARA, journaliste \u00e0 Cavi M\u00e9dias, survenue ce mardi, 28 avril 2026, au quartier Cosa par des agents de la gendarmerie ECO 18.<\/p>\n<p>LES FAITS :<\/p>\n<p>Aux environs de 5 heures du matin, M. CAMARA est sorti devant son domicile pour observer une op\u00e9ration de d\u00e9guerpissement men\u00e9e dans le cadre d\u2019un conflit domanial. Bien qu\u2019il n\u2019ait ni film\u00e9 ni photographi\u00e9 la sc\u00e8ne et qu\u2019il se soit pr\u00e9sent\u00e9 comme journaliste en montrant son badge de presse, il a \u00e9t\u00e9 interpell\u00e9 sans motif. Il a \u00e9t\u00e9 embarqu\u00e9 de force, priv\u00e9 de son t\u00e9l\u00e9phone, d\u00e9chauss\u00e9 et plac\u00e9 au violon \u00e0 la gendarmerie ECO 18, puis transf\u00e9r\u00e9 \u00e0 l\u2019escadron mobile num\u00e9ro 4 de Matoto. Il a \u00e9t\u00e9 d\u00e9tenu ill\u00e9galement pendant plus de quatre heures au total, sans aucune base l\u00e9gale.<\/p>\n<p>Le SPPG d\u00e9nonce cette grave violation de la libert\u00e9 de la presse et cet acte d\u2019intimidation contre un journaliste. Cette agression intervient \u00e0 seulement quelques jours de la Journ\u00e9e internationale de la libert\u00e9 de la presse, c\u00e9l\u00e9br\u00e9e le 3 mai prochain, ce qui la rend encore plus inacceptable.<\/p>\n<p>Face \u00e0 cette situation, le SPPG:<\/p>\n<ol>\n<li>Demande justice pour Cheick: que les agents responsables de cette arrestation ill\u00e9gale r\u00e9pondent de leurs actes devant la loi.<\/li>\n<li>Demande la fin imm\u00e9diate du harc\u00e8lement, de la violence et de l\u2019impunit\u00e9 visant les journalistes en Guin\u00e9e.<\/li>\n<li>Invite les autorit\u00e9s au plus haut niveau \u00e0 garantir la s\u00e9curit\u00e9 des journalistes et le respect de la libert\u00e9 de la presse, droit fondamental consacr\u00e9 par la Constitution.<\/li>\n<\/ol>\n<p>Le SPPG apporte son soutien total et sa solidarit\u00e9 \u00e0 notre confr\u00e8re Cheick CAMARA.<\/p>\n<p><strong>Conakry, le 28 Avril 2026<\/strong><\/p>\n<p><strong><br \/>\n<\/strong><strong>Le Bureau National.\u00a0<\/strong><\/p>\n","protected":false},"excerpt":{"rendered":"<p>Communiqu\u00e9 Le Bureau National du Syndicat des Professionnels de la Presse de Guin\u00e9e (SPPG) condamne avec la plus grande fermet\u00e9 l\u2019arrestation arbitraire de notre confr\u00e8re Cheick CAMARA, journaliste \u00e0 Cavi M\u00e9dias, survenue ce mardi, 28 avril 2026, au quartier Cosa par des agents de la gendarmerie ECO 18. LES FAITS : Aux environs de 5 [&hellip;]<\/p>\n","protected":false},"author":2,"featured_media":40231,"comment_status":"open","ping_status":"closed","sticky":false,"template":"","format":"standard","meta":{"buzzeditor_post_format":"","footnotes":""},"categories":[42],"tags":[],"class_list":["post-40230","post","type-post","status-publish","format-standard","has-post-thumbnail","hentry","category-news"],"jetpack_featured_media_url":"https:\/\/guineechrono.com\/wp-content\/uploads\/2026\/04\/IMG-20260428-WA0331.jpg","amp_enabled":true,"_links":{"self":[{"href":"https:\/\/guineechrono.com\/index.php\/wp-json\/wp\/v2\/posts\/40230","targetHints":{"allow":["GET"]}}],"collection":[{"href":"https:\/\/guineechrono.com\/index.php\/wp-json\/wp\/v2\/posts"}],"about":[{"href":"https:\/\/guineechrono.com\/index.php\/wp-json\/wp\/v2\/types\/post"}],"author":[{"embeddable":true,"href":"https:\/\/guineechrono.com\/index.php\/wp-json\/wp\/v2\/users\/2"}],"replies":[{"embeddable":true,"href":"https:\/\/guineechrono.com\/index.php\/wp-json\/wp\/v2\/comments?post=40230"}],"version-history":[{"count":1,"href":"https:\/\/guineechrono.com\/index.php\/wp-json\/wp\/v2\/posts\/40230\/revisions"}],"predecessor-version":[{"id":40232,"href":"https:\/\/guineechrono.com\/index.php\/wp-json\/wp\/v2\/posts\/40230\/revisions\/40232"}],"wp:featuredmedia":[{"embeddable":true,"href":"https:\/\/guineechrono.com\/index.php\/wp-json\/wp\/v2\/media\/40231"}],"wp:attachment":[{"href":"https:\/\/guineechrono.com\/index.php\/wp-json\/wp\/v2\/media?parent=40230"}],"wp:term":[{"taxonomy":"category","embeddable":true,"href":"https:\/\/guineechrono.com\/index.php\/wp-json\/wp\/v2\/categories?post=40230"},{"taxonomy":"post_tag","embeddable":true,"href":"https:\/\/guineechrono.com\/index.php\/wp-json\/wp\/v2\/tags?post=40230"}],"curies":[{"name":"wp","href":"https:\/\/api.w.org\/{rel}","templated":true}]}}