{"id":40233,"date":"2026-04-28T20:26:49","date_gmt":"2026-04-28T19:26:49","guid":{"rendered":"https:\/\/guineechrono.com\/?p=40233"},"modified":"2026-04-28T20:26:49","modified_gmt":"2026-04-28T19:26:49","slug":"attaque-au-mali-le-haut-conseil-des-maliens-de-guinee-condamne-fermement","status":"publish","type":"post","link":"https:\/\/guineechrono.com\/index.php\/attaque-au-mali-le-haut-conseil-des-maliens-de-guinee-condamne-fermement\/","title":{"rendered":"Attaque au Mali : le Haut Conseil des Maliens de Guin\u00e9e condamne fermement"},"content":{"rendered":"<p><strong>Une attaque arm\u00e9e survenue samedi dernier \u00e0 Bamako, au Mali, a suscit\u00e9 une vive r\u00e9action au sein de la communaut\u00e9 malienne vivant en Guin\u00e9e.<\/strong><\/p>\n<p data-start=\"313\" data-end=\"577\"><strong>Interrog\u00e9 ce mardi 28 avril 2026 par nos confr\u00e8res de lumiere224, Mohamed Sidib\u00e9, pr\u00e9sident du Haut Conseil des Maliens \u00e9tablis en Guin\u00e9e, a fermement condamn\u00e9 cet acte qu\u2019il qualifie d\u2019\u201cinadmissible\u201d. Selon lui, ces violences, attribu\u00e9es \u00e0 des groupes terroristes, visent \u00e0 d\u00e9stabiliser le pays.<\/strong><\/p>\n<p data-start=\"579\" data-end=\"763\">\u00ab Nous condamnons et d\u00e9non\u00e7ons avec la plus grande fermet\u00e9 cette attaque. Ce sont des terroristes qui s\u2019en prennent \u00e0 un peuple. Aucun Africain ne peut accepter cela \u00bb, a-t-il d\u00e9clar\u00e9.<\/p>\n<p data-start=\"765\" data-end=\"1078\">Tout en exprimant l\u2019indignation des Maliens vivant en Guin\u00e9e, Mohamed Sidib\u00e9 a indiqu\u00e9 que son organisation fait confiance aux autorit\u00e9s maliennes pour g\u00e9rer la situation. Il a pr\u00e9cis\u00e9 que toute initiative \u00e9ventuelle du Haut Conseil se ferait en coordination avec les repr\u00e9sentations diplomatiques et consulaires.<\/p>\n<p data-start=\"1080\" data-end=\"1384\">Le responsable a \u00e9galement salu\u00e9 la r\u00e9action des forces arm\u00e9es maliennes, affirmant qu\u2019elles ont r\u00e9ussi \u00e0 repousser les assaillants. Il a par ailleurs appel\u00e9 \u00e0 la retenue et au calme, estimant que la situation est d\u00e9sormais sous contr\u00f4le et que les populations reprennent progressivement leurs activit\u00e9s.<\/p>\n<p data-start=\"1386\" data-end=\"1492\">\u00ab La journ\u00e9e de samedi a \u00e9t\u00e9 difficile, mais aujourd\u2019hui, il faut regarder vers l\u2019avenir \u00bb, a-t-il ajout\u00e9.<\/p>\n<p data-start=\"1494\" data-end=\"1673\">Concernant le bilan, il a \u00e9voqu\u00e9 un nombre important d\u2019assaillants neutralis\u00e9s, sans fournir de chiffres pr\u00e9cis ni de source ind\u00e9pendante permettant de confirmer ces informations.<\/p>\n<p><strong>R\u00e9daction <\/strong><\/p>\n<p>&nbsp;<\/p>\n","protected":false},"excerpt":{"rendered":"<p>Une attaque arm\u00e9e survenue samedi dernier \u00e0 Bamako, au Mali, a suscit\u00e9 une vive r\u00e9action au sein de la communaut\u00e9 malienne vivant en Guin\u00e9e. Interrog\u00e9 ce mardi 28 avril 2026 par nos confr\u00e8res de lumiere224, Mohamed Sidib\u00e9, pr\u00e9sident du Haut Conseil des Maliens \u00e9tablis en Guin\u00e9e, a fermement condamn\u00e9 cet acte qu\u2019il qualifie d\u2019\u201cinadmissible\u201d. Selon [&hellip;]<\/p>\n","protected":false},"author":2,"featured_media":40234,"comment_status":"open","ping_status":"closed","sticky":false,"template":"","format":"standard","meta":{"buzzeditor_post_format":"","footnotes":""},"categories":[42],"tags":[],"class_list":["post-40233","post","type-post","status-publish","format-standard","has-post-thumbnail","hentry","category-news"],"jetpack_featured_media_url":"https:\/\/guineechrono.com\/wp-content\/uploads\/2026\/04\/MMali.jpeg","amp_enabled":true,"_links":{"self":[{"href":"https:\/\/guineechrono.com\/index.php\/wp-json\/wp\/v2\/posts\/40233","targetHints":{"allow":["GET"]}}],"collection":[{"href":"https:\/\/guineechrono.com\/index.php\/wp-json\/wp\/v2\/posts"}],"about":[{"href":"https:\/\/guineechrono.com\/index.php\/wp-json\/wp\/v2\/types\/post"}],"author":[{"embeddable":true,"href":"https:\/\/guineechrono.com\/index.php\/wp-json\/wp\/v2\/users\/2"}],"replies":[{"embeddable":true,"href":"https:\/\/guineechrono.com\/index.php\/wp-json\/wp\/v2\/comments?post=40233"}],"version-history":[{"count":1,"href":"https:\/\/guineechrono.com\/index.php\/wp-json\/wp\/v2\/posts\/40233\/revisions"}],"predecessor-version":[{"id":40235,"href":"https:\/\/guineechrono.com\/index.php\/wp-json\/wp\/v2\/posts\/40233\/revisions\/40235"}],"wp:featuredmedia":[{"embeddable":true,"href":"https:\/\/guineechrono.com\/index.php\/wp-json\/wp\/v2\/media\/40234"}],"wp:attachment":[{"href":"https:\/\/guineechrono.com\/index.php\/wp-json\/wp\/v2\/media?parent=40233"}],"wp:term":[{"taxonomy":"category","embeddable":true,"href":"https:\/\/guineechrono.com\/index.php\/wp-json\/wp\/v2\/categories?post=40233"},{"taxonomy":"post_tag","embeddable":true,"href":"https:\/\/guineechrono.com\/index.php\/wp-json\/wp\/v2\/tags?post=40233"}],"curies":[{"name":"wp","href":"https:\/\/api.w.org\/{rel}","templated":true}]}}