{"id":40236,"date":"2026-04-28T20:57:32","date_gmt":"2026-04-28T19:57:32","guid":{"rendered":"https:\/\/guineechrono.com\/?p=40236"},"modified":"2026-04-28T20:57:32","modified_gmt":"2026-04-28T19:57:32","slug":"journee-portes-ouvertes-maria-diane-plaide-pour-la-valorisation-des-competences-des-migrants-de-retour","status":"publish","type":"post","link":"https:\/\/guineechrono.com\/index.php\/journee-portes-ouvertes-maria-diane-plaide-pour-la-valorisation-des-competences-des-migrants-de-retour\/","title":{"rendered":"Journ\u00e9e Portes Ouvertes : Maria Dian\u00e9 plaide pour la valorisation des comp\u00e9tences des migrants de retour"},"content":{"rendered":"<p><strong>\u00c0 l\u2019occasion de la Journ\u00e9e Portes Ouvertes organis\u00e9e par l\u2019Organisation Internationale pour les Migrations (OIM), en collaboration avec l\u2019Agence Guin\u00e9enne pour la Promotion de l\u2019Emploi, un accent particulier a \u00e9t\u00e9 mis sur l\u2019importance de valoriser les comp\u00e9tences des migrants de retour en Guin\u00e9e.<\/strong><\/p>\n<p data-start=\"513\" data-end=\"778\">Intervenant lors d\u2019un panel d\u00e9di\u00e9 \u00e0 cette th\u00e9matique, Maria Dian\u00e9, Secr\u00e9taire g\u00e9n\u00e9rale de la Conf\u00e9d\u00e9ration G\u00e9n\u00e9rale des Entreprises de Guin\u00e9e (Patronat guin\u00e9en), a port\u00e9 un message fort : faire de l\u2019exp\u00e9rience migratoire une v\u00e9ritable opportunit\u00e9 \u00e9conomique pour le pays.<\/p>\n<p data-start=\"513\" data-end=\"778\"><a href=\"https:\/\/guineechrono.com\/wp-content\/uploads\/2026\/04\/1777404872660.jpg\"><img fetchpriority=\"high\" decoding=\"async\" class=\"alignleft size-medium wp-image-40238\" src=\"https:\/\/guineechrono.com\/wp-content\/uploads\/2026\/04\/1777404872660-300x200.jpg\" alt=\"\" width=\"300\" height=\"200\" srcset=\"https:\/\/guineechrono.com\/wp-content\/uploads\/2026\/04\/1777404872660-300x200.jpg 300w, https:\/\/guineechrono.com\/wp-content\/uploads\/2026\/04\/1777404872660-1024x683.jpg 1024w, https:\/\/guineechrono.com\/wp-content\/uploads\/2026\/04\/1777404872660-768x512.jpg 768w, https:\/\/guineechrono.com\/wp-content\/uploads\/2026\/04\/1777404872660-750x500.jpg 750w, https:\/\/guineechrono.com\/wp-content\/uploads\/2026\/04\/1777404872660.jpg 1080w\" sizes=\"(max-width: 300px) 100vw, 300px\" \/><\/a><\/p>\n<p data-start=\"780\" data-end=\"1067\">\n<p data-start=\"780\" data-end=\"1067\">\n<p data-start=\"780\" data-end=\"1067\">\n<p data-start=\"780\" data-end=\"1067\">\n<p data-start=\"780\" data-end=\"1067\">\n<p data-start=\"780\" data-end=\"1067\">Selon elle, les parcours des migrants constituent une richesse souvent sous-exploit\u00e9e. \u00ab Chaque comp\u00e9tence acquise \u00e0 l\u2019\u00e9tranger peut devenir un moteur de d\u00e9veloppement local \u00bb, a-t-elle soulign\u00e9, insistant sur la n\u00e9cessit\u00e9 de mieux int\u00e9grer ces profils dans le tissu \u00e9conomique national.<\/p>\n<p data-start=\"780\" data-end=\"1067\"><a href=\"https:\/\/guineechrono.com\/wp-content\/uploads\/2026\/04\/1777404894460.jpg\"><img decoding=\"async\" class=\"alignleft size-medium wp-image-40239\" src=\"https:\/\/guineechrono.com\/wp-content\/uploads\/2026\/04\/1777404894460-300x134.jpg\" alt=\"\" width=\"300\" height=\"134\" srcset=\"https:\/\/guineechrono.com\/wp-content\/uploads\/2026\/04\/1777404894460-300x134.jpg 300w, https:\/\/guineechrono.com\/wp-content\/uploads\/2026\/04\/1777404894460-1024x458.jpg 1024w, https:\/\/guineechrono.com\/wp-content\/uploads\/2026\/04\/1777404894460-768x343.jpg 768w, https:\/\/guineechrono.com\/wp-content\/uploads\/2026\/04\/1777404894460-750x335.jpg 750w, https:\/\/guineechrono.com\/wp-content\/uploads\/2026\/04\/1777404894460.jpg 1080w\" sizes=\"(max-width: 300px) 100vw, 300px\" \/><\/a><\/p>\n<p data-start=\"1069\" data-end=\"1302\">\n<p data-start=\"1069\" data-end=\"1302\">\n<p data-start=\"1069\" data-end=\"1302\">\n<p data-start=\"1069\" data-end=\"1302\">Cette rencontre a permis de mettre en lumi\u00e8re les enjeux li\u00e9s \u00e0 l\u2019employabilit\u00e9 et \u00e0 l\u2019entrepreneuriat des migrants de retour, tout en appelant \u00e0 une synergie renforc\u00e9e entre les acteurs publics, priv\u00e9s et les partenaires techniques.<\/p>\n<p data-start=\"1069\" data-end=\"1302\"><a href=\"https:\/\/guineechrono.com\/wp-content\/uploads\/2026\/04\/1777404887703.jpg\"><img decoding=\"async\" class=\"alignleft size-medium wp-image-40240\" src=\"https:\/\/guineechrono.com\/wp-content\/uploads\/2026\/04\/1777404887703-300x200.jpg\" alt=\"\" width=\"300\" height=\"200\" srcset=\"https:\/\/guineechrono.com\/wp-content\/uploads\/2026\/04\/1777404887703-300x200.jpg 300w, https:\/\/guineechrono.com\/wp-content\/uploads\/2026\/04\/1777404887703-1024x682.jpg 1024w, https:\/\/guineechrono.com\/wp-content\/uploads\/2026\/04\/1777404887703-768x511.jpg 768w, https:\/\/guineechrono.com\/wp-content\/uploads\/2026\/04\/1777404887703-750x499.jpg 750w, https:\/\/guineechrono.com\/wp-content\/uploads\/2026\/04\/1777404887703.jpg 1080w\" sizes=\"(max-width: 300px) 100vw, 300px\" \/><\/a><\/p>\n<p data-start=\"1304\" data-end=\"1558\">\n<p data-start=\"1304\" data-end=\"1558\">\n<p data-start=\"1304\" data-end=\"1558\">\n<p data-start=\"1304\" data-end=\"1558\">\n<p data-start=\"1304\" data-end=\"1558\">\n<p data-start=\"1304\" data-end=\"1558\">Pour Maria Dian\u00e9, l\u2019avenir repose sur la mise en place de passerelles efficaces entre les talents, les opportunit\u00e9s et les besoins du march\u00e9. Une approche qui, selon elle, contribuera \u00e0 dynamiser l\u2019\u00e9conomie locale et \u00e0 favoriser une croissance inclusive.<\/p>\n<p><strong>R\u00e9daction <\/strong><\/p>\n<p>&nbsp;<\/p>\n","protected":false},"excerpt":{"rendered":"<p>\u00c0 l\u2019occasion de la Journ\u00e9e Portes Ouvertes organis\u00e9e par l\u2019Organisation Internationale pour les Migrations (OIM), en collaboration avec l\u2019Agence Guin\u00e9enne pour la Promotion de l\u2019Emploi, un accent particulier a \u00e9t\u00e9 mis sur l\u2019importance de valoriser les comp\u00e9tences des migrants de retour en Guin\u00e9e. Intervenant lors d\u2019un panel d\u00e9di\u00e9 \u00e0 cette th\u00e9matique, Maria Dian\u00e9, Secr\u00e9taire g\u00e9n\u00e9rale [&hellip;]<\/p>\n","protected":false},"author":2,"featured_media":40237,"comment_status":"open","ping_status":"closed","sticky":false,"template":"","format":"standard","meta":{"buzzeditor_post_format":"","footnotes":""},"categories":[46],"tags":[],"class_list":["post-40236","post","type-post","status-publish","format-standard","has-post-thumbnail","hentry","category-societe"],"jetpack_featured_media_url":"https:\/\/guineechrono.com\/wp-content\/uploads\/2026\/04\/1777404913325.jpg","amp_enabled":true,"_links":{"self":[{"href":"https:\/\/guineechrono.com\/index.php\/wp-json\/wp\/v2\/posts\/40236","targetHints":{"allow":["GET"]}}],"collection":[{"href":"https:\/\/guineechrono.com\/index.php\/wp-json\/wp\/v2\/posts"}],"about":[{"href":"https:\/\/guineechrono.com\/index.php\/wp-json\/wp\/v2\/types\/post"}],"author":[{"embeddable":true,"href":"https:\/\/guineechrono.com\/index.php\/wp-json\/wp\/v2\/users\/2"}],"replies":[{"embeddable":true,"href":"https:\/\/guineechrono.com\/index.php\/wp-json\/wp\/v2\/comments?post=40236"}],"version-history":[{"count":1,"href":"https:\/\/guineechrono.com\/index.php\/wp-json\/wp\/v2\/posts\/40236\/revisions"}],"predecessor-version":[{"id":40241,"href":"https:\/\/guineechrono.com\/index.php\/wp-json\/wp\/v2\/posts\/40236\/revisions\/40241"}],"wp:featuredmedia":[{"embeddable":true,"href":"https:\/\/guineechrono.com\/index.php\/wp-json\/wp\/v2\/media\/40237"}],"wp:attachment":[{"href":"https:\/\/guineechrono.com\/index.php\/wp-json\/wp\/v2\/media?parent=40236"}],"wp:term":[{"taxonomy":"category","embeddable":true,"href":"https:\/\/guineechrono.com\/index.php\/wp-json\/wp\/v2\/categories?post=40236"},{"taxonomy":"post_tag","embeddable":true,"href":"https:\/\/guineechrono.com\/index.php\/wp-json\/wp\/v2\/tags?post=40236"}],"curies":[{"name":"wp","href":"https:\/\/api.w.org\/{rel}","templated":true}]}}