{"id":40272,"date":"2026-05-01T16:05:29","date_gmt":"2026-05-01T15:05:29","guid":{"rendered":"https:\/\/guineechrono.com\/?p=40272"},"modified":"2026-05-01T16:05:29","modified_gmt":"2026-05-01T15:05:29","slug":"guinee-lambassadeur-mamadou-bhoye-balde-appelle-a-un-report-des-elections-et-a-des-mesures-dapaisement","status":"publish","type":"post","link":"https:\/\/guineechrono.com\/index.php\/guinee-lambassadeur-mamadou-bhoye-balde-appelle-a-un-report-des-elections-et-a-des-mesures-dapaisement\/","title":{"rendered":"Guin\u00e9e : l\u2019Ambassadeur Mamadou Bhoye Bald\u00e9 appelle \u00e0 un report des \u00e9lections et \u00e0 des mesures d\u2019apaisement"},"content":{"rendered":"<p><strong>\u00c0 l\u2019approche des \u00e9lections l\u00e9gislatives et communales pr\u00e9vues le 31 mai 2026, l\u2019Ambassadeur Mamadou Bhoye Bald\u00e9 lance un appel \u00e0 la \u00ab sagesse d\u2019\u00c9tat \u00bb afin de garantir un processus \u00e9lectoral inclusif et apais\u00e9 en Guin\u00e9e.<\/strong><\/p>\n<p>Dans une d\u00e9claration rendue publique, ce diplomate scientifique et citoyen engag\u00e9 estime que le pays se trouve \u00e0 un tournant d\u00e9cisif de son histoire d\u00e9mocratique. Il plaide pour des d\u00e9cisions \u00ab courageuses et rassembleuses \u00bb en vue de consolider les acquis d\u00e9mocratiques dans un climat de confiance.<\/p>\n<p><strong>Un plaidoyer pour le report des \u00e9lections<\/strong><\/p>\n<p>Au c\u0153ur de son intervention, Mamadou Bhoye Bald\u00e9 propose un report strat\u00e9gique des \u00e9lections pr\u00e9vues fin mai. Selon lui, le contexte actuel reste marqu\u00e9 par des pr\u00e9occupations persistantes exprim\u00e9es par certains acteurs politiques concernant la transparence et l\u2019inclusivit\u00e9 du processus \u00e9lectoral.<\/p>\n<p>\u00ab Les \u00e9lections ne sont pas une simple formalit\u00e9 institutionnelle, mais le socle m\u00eame de la l\u00e9gitimit\u00e9 d\u00e9mocratique \u00bb, souligne-t-il.<\/p>\n<p>Il estime qu\u2019un report \u00e0 d\u00e9cembre 2026 permettrait de :<\/p>\n<ul>\n<li>renforcer les m\u00e9canismes organisationnels ;<\/li>\n<li>favoriser un dialogue politique inclusif ;<\/li>\n<li>garantir la participation de toutes les sensibilit\u00e9s politiques.<\/li>\n<\/ul>\n<p>Pour lui, la r\u00e9ussite d\u2019un scrutin ne repose pas uniquement sur le respect du calendrier, mais sur sa capacit\u00e9 \u00e0 rassembler et \u00e0 l\u00e9gitimer les institutions issues des urnes.<\/p>\n<p><strong>Un appel \u00e0 la d\u00e9crispation du climat politique<\/strong><\/p>\n<p>Au-del\u00e0 de la question \u00e9lectorale, l\u2019Ambassadeur Bald\u00e9 invite \u00e9galement les autorit\u00e9s \u00e0 poser des actes forts en faveur de l\u2019apaisement du climat sociopolitique.<\/p>\n<p>Il \u00e9voque notamment la possibilit\u00e9 d\u2019une gr\u00e2ce pr\u00e9sidentielle en faveur d\u2019Aliou Bah, pr\u00e9sident du parti MODEL. Une telle d\u00e9cision, selon lui, constituerait \u00ab un geste de haute port\u00e9e politique et humaine \u00bb.<\/p>\n<p>\u00ab Les grandes d\u00e9cisions sont celles qui privil\u00e9gient l\u2019unit\u00e9 sur la division \u00bb, affirme-t-il, estimant qu\u2019un tel acte pourrait renforcer la confiance entre les acteurs politiques et encourager le dialogue.<\/p>\n<p><strong>Un moment d\u00e9cisif pour la d\u00e9mocratie guin\u00e9enne<\/strong><\/p>\n<p>Pour Mamadou Bhoye Bald\u00e9, les choix qui seront faits dans les prochaines semaines auront un impact d\u00e9terminant sur l\u2019avenir du pays. Il insiste sur la n\u00e9cessit\u00e9 de privil\u00e9gier l\u2019inclusivit\u00e9, la transparence et la coh\u00e9sion nationale.<\/p>\n<p>\u00ab La Guin\u00e9e a besoin d\u2019apaisement, de confiance et d\u2019unit\u00e9 \u00bb, conclut-il, appelant les autorit\u00e9s \u00e0 inscrire leur action dans une dynamique de responsabilit\u00e9 historique.<\/p>\n<p><strong>R\u00e9daction <\/strong><\/p>\n<p>&nbsp;<\/p>\n","protected":false},"excerpt":{"rendered":"<p>\u00c0 l\u2019approche des \u00e9lections l\u00e9gislatives et communales pr\u00e9vues le 31 mai 2026, l\u2019Ambassadeur Mamadou Bhoye Bald\u00e9 lance un appel \u00e0 la \u00ab sagesse d\u2019\u00c9tat \u00bb afin de garantir un processus \u00e9lectoral inclusif et apais\u00e9 en Guin\u00e9e. Dans une d\u00e9claration rendue publique, ce diplomate scientifique et citoyen engag\u00e9 estime que le pays se trouve \u00e0 un [&hellip;]<\/p>\n","protected":false},"author":2,"featured_media":40273,"comment_status":"open","ping_status":"closed","sticky":false,"template":"","format":"standard","meta":{"buzzeditor_post_format":"","footnotes":""},"categories":[43],"tags":[],"class_list":["post-40272","post","type-post","status-publish","format-standard","has-post-thumbnail","hentry","category-politique"],"jetpack_featured_media_url":"https:\/\/guineechrono.com\/wp-content\/uploads\/2026\/05\/grace.jpg","amp_enabled":true,"_links":{"self":[{"href":"https:\/\/guineechrono.com\/index.php\/wp-json\/wp\/v2\/posts\/40272","targetHints":{"allow":["GET"]}}],"collection":[{"href":"https:\/\/guineechrono.com\/index.php\/wp-json\/wp\/v2\/posts"}],"about":[{"href":"https:\/\/guineechrono.com\/index.php\/wp-json\/wp\/v2\/types\/post"}],"author":[{"embeddable":true,"href":"https:\/\/guineechrono.com\/index.php\/wp-json\/wp\/v2\/users\/2"}],"replies":[{"embeddable":true,"href":"https:\/\/guineechrono.com\/index.php\/wp-json\/wp\/v2\/comments?post=40272"}],"version-history":[{"count":1,"href":"https:\/\/guineechrono.com\/index.php\/wp-json\/wp\/v2\/posts\/40272\/revisions"}],"predecessor-version":[{"id":40274,"href":"https:\/\/guineechrono.com\/index.php\/wp-json\/wp\/v2\/posts\/40272\/revisions\/40274"}],"wp:featuredmedia":[{"embeddable":true,"href":"https:\/\/guineechrono.com\/index.php\/wp-json\/wp\/v2\/media\/40273"}],"wp:attachment":[{"href":"https:\/\/guineechrono.com\/index.php\/wp-json\/wp\/v2\/media?parent=40272"}],"wp:term":[{"taxonomy":"category","embeddable":true,"href":"https:\/\/guineechrono.com\/index.php\/wp-json\/wp\/v2\/categories?post=40272"},{"taxonomy":"post_tag","embeddable":true,"href":"https:\/\/guineechrono.com\/index.php\/wp-json\/wp\/v2\/tags?post=40272"}],"curies":[{"name":"wp","href":"https:\/\/api.w.org\/{rel}","templated":true}]}}