{"id":4062,"date":"2019-04-30T16:49:32","date_gmt":"2019-04-30T15:49:32","guid":{"rendered":"http:\/\/guineechrono.com\/?p=4062"},"modified":"2019-04-30T16:51:05","modified_gmt":"2019-04-30T15:51:05","slug":"kankan-le-fndc-deplore-larrestation-de-ses-membres","status":"publish","type":"post","link":"https:\/\/guineechrono.com\/index.php\/kankan-le-fndc-deplore-larrestation-de-ses-membres\/","title":{"rendered":"Kankan : Le FNDC d\u00e9plore l\u2019arrestation de ses membres"},"content":{"rendered":"<p>Ce mardi 30 avril 2019, une marche \u00e9tait initi\u00e9e par les responsables du Front National pour la D\u00e9fense de la Constitution (FNDC) \u00e0 kankan. L\u2019objectif \u00e9tait de d\u00e9fendre la constitution \u00e0 aucune modification qui permettra au pr\u00e9sident actuel de briguer un 3<sup>\u00e8me<\/sup> mandat.<\/p>\n<p>Malheureusement, selon ce communiqu\u00e9 sign\u00e9 du charg\u00e9 des op\u00e9rations S\u00e9kou Koundouno les manifestants ont \u00e9t\u00e9 arr\u00eat\u00e9s.<\/p>\n<p>Ci-dessous, copie de la d\u00e9claration\u00a0:<\/p>\n<p><a href=\"http:\/\/guineechrono.com\/wp-content\/uploads\/2019\/04\/FNDC-1.jpg\"><img fetchpriority=\"high\" decoding=\"async\" class=\"alignnone size-medium wp-image-4066\" src=\"http:\/\/guineechrono.com\/wp-content\/uploads\/2019\/04\/FNDC-1-218x300.jpg\" alt=\"\" width=\"218\" height=\"300\" srcset=\"https:\/\/guineechrono.com\/wp-content\/uploads\/2019\/04\/FNDC-1-218x300.jpg 218w, https:\/\/guineechrono.com\/wp-content\/uploads\/2019\/04\/FNDC-1.jpg 744w, https:\/\/guineechrono.com\/wp-content\/uploads\/2019\/04\/FNDC-1-696x958.jpg 696w, https:\/\/guineechrono.com\/wp-content\/uploads\/2019\/04\/FNDC-1-305x420.jpg 305w\" sizes=\"(max-width: 218px) 100vw, 218px\" \/><\/a><\/p>\n","protected":false},"excerpt":{"rendered":"<p>Ce mardi 30 avril 2019, une marche \u00e9tait initi\u00e9e par les responsables du Front National pour la D\u00e9fense de la Constitution (FNDC) \u00e0 kankan. L\u2019objectif \u00e9tait de d\u00e9fendre la constitution \u00e0 aucune modification qui permettra au pr\u00e9sident actuel de briguer un 3\u00e8me mandat. Malheureusement, selon ce communiqu\u00e9 sign\u00e9 du charg\u00e9 des op\u00e9rations S\u00e9kou Koundouno les [&hellip;]<\/p>\n","protected":false},"author":2,"featured_media":4064,"comment_status":"open","ping_status":"closed","sticky":false,"template":"","format":"standard","meta":{"buzzeditor_post_format":"","footnotes":""},"categories":[1],"tags":[],"class_list":["post-4062","post","type-post","status-publish","format-standard","has-post-thumbnail","hentry","category-non-classe"],"jetpack_featured_media_url":"https:\/\/guineechrono.com\/wp-content\/uploads\/2019\/04\/kankan.jpg","amp_enabled":true,"_links":{"self":[{"href":"https:\/\/guineechrono.com\/index.php\/wp-json\/wp\/v2\/posts\/4062","targetHints":{"allow":["GET"]}}],"collection":[{"href":"https:\/\/guineechrono.com\/index.php\/wp-json\/wp\/v2\/posts"}],"about":[{"href":"https:\/\/guineechrono.com\/index.php\/wp-json\/wp\/v2\/types\/post"}],"author":[{"embeddable":true,"href":"https:\/\/guineechrono.com\/index.php\/wp-json\/wp\/v2\/users\/2"}],"replies":[{"embeddable":true,"href":"https:\/\/guineechrono.com\/index.php\/wp-json\/wp\/v2\/comments?post=4062"}],"version-history":[{"count":0,"href":"https:\/\/guineechrono.com\/index.php\/wp-json\/wp\/v2\/posts\/4062\/revisions"}],"wp:featuredmedia":[{"embeddable":true,"href":"https:\/\/guineechrono.com\/index.php\/wp-json\/wp\/v2\/media\/4064"}],"wp:attachment":[{"href":"https:\/\/guineechrono.com\/index.php\/wp-json\/wp\/v2\/media?parent=4062"}],"wp:term":[{"taxonomy":"category","embeddable":true,"href":"https:\/\/guineechrono.com\/index.php\/wp-json\/wp\/v2\/categories?post=4062"},{"taxonomy":"post_tag","embeddable":true,"href":"https:\/\/guineechrono.com\/index.php\/wp-json\/wp\/v2\/tags?post=4062"}],"curies":[{"name":"wp","href":"https:\/\/api.w.org\/{rel}","templated":true}]}}