{"id":41589,"date":"2026-09-03T20:31:57","date_gmt":"2026-09-03T19:31:57","guid":{"rendered":"https:\/\/guineechrono.com\/?p=41589"},"modified":"2026-09-03T20:31:57","modified_gmt":"2026-09-03T19:31:57","slug":"conflit-autour-dune-facture-de-600-millions-gnf-edg-saisit-la-justice-contre-la-mairie-de-ratoma","status":"publish","type":"post","link":"https:\/\/guineechrono.com\/index.php\/conflit-autour-dune-facture-de-600-millions-gnf-edg-saisit-la-justice-contre-la-mairie-de-ratoma\/","title":{"rendered":"Conflit autour d\u2019une facture de 600 millions GNF : EDG saisit la justice contre la Mairie de Ratoma"},"content":{"rendered":"<p><strong>Le bras de fer entre la mairie de Ratoma et la soci\u00e9t\u00e9 \u00c9lectricit\u00e9 de Guin\u00e9e (EDG S.A.) prend d\u00e9sormais une tournure judiciaire. Au c\u0153ur du diff\u00e9rend : une facture d\u2019\u00e9lectricit\u00e9 de pr\u00e8s de 600 millions de francs guin\u00e9ens, dont le paiement est contest\u00e9 par la mairie.<\/strong><\/p>\n<p>Le conflit s\u2019est intensifi\u00e9 apr\u00e8s la fermeture de l\u2019agence d\u2019EDG situ\u00e9e \u00e0 Taouyah, dans la commune de Ratoma, sur d\u00e9cision des autorit\u00e9s communales. Une fermeture que la soci\u00e9t\u00e9 publique d\u2019\u00e9lectricit\u00e9 consid\u00e8re comme ill\u00e9gale.<\/p>\n<p>Face \u00e0 cette situation, la direction g\u00e9n\u00e9rale d\u2019EDG a d\u00e9cid\u00e9 de saisir la justice. L\u2019annonce a \u00e9t\u00e9 faite ce jeudi 3 septembre 2026 par le directeur des affaires juridiques et du contentieux de l\u2019entreprise, Dr Yaovi Afadodan, lors d\u2019un \u00e9change avec la presse.<\/p>\n<p>Selon lui, la d\u00e9cision de porter l\u2019affaire devant la justice fait suite \u00e0 des actes qu\u2019il juge \u00ab ill\u00e9gaux \u00bb et contraires aux principes r\u00e9publicains.<\/p>\n<p>\u00ab Nous sommes l\u00e0 pour porter \u00e0 votre connaissance que, suite aux actes ill\u00e9gaux, des actes qui choquent la conscience r\u00e9publicaine, planifi\u00e9s, pr\u00e9par\u00e9s et ex\u00e9cut\u00e9s par le maire, en tout cas celui qui se donne le titre de premier magistrat de la commune de Ratoma, la direction g\u00e9n\u00e9rale d\u2019EDG, \u00e0 travers sa Direction des affaires juridiques et du contentieux, a d\u00e9cid\u00e9 de saisir le tribunal correctionnel de Dixinn \u00bb, a d\u00e9clar\u00e9 le responsable juridique.<\/p>\n<p>EDG affirme avoir engag\u00e9 une proc\u00e9dure contre le maire de Ratoma. Une citation directe lui aurait \u00e9t\u00e9 signifi\u00e9e par l\u2019interm\u00e9diaire de l\u2019huissier de justice Ma\u00eetre Lando Mamadou Bah.<\/p>\n<p>\u00ab Une citation directe a \u00e9t\u00e9 signifi\u00e9e \u00e0 Monsieur le maire de Ratoma afin que la premi\u00e8re audience se tienne devant le tribunal correctionnel le 15 septembre \u00e0 9 heures \u00bb, a pr\u00e9cis\u00e9 Dr Yaovi Afadodan.<\/p>\n<p>Le responsable juridique se montre par ailleurs confiant quant \u00e0 l\u2019issue de la proc\u00e9dure. S\u2019appuyant sur les pi\u00e8ces vers\u00e9es au dossier et sur les d\u00e9clarations publiques du maire, il estime que la responsabilit\u00e9 de ce dernier pourrait \u00eatre retenue par la justice.<\/p>\n<p>&nbsp;<\/p>\n<p>\u00ab Nous avons la ferme conviction qu\u2019au regard des pi\u00e8ces dont nous disposons dans ce dossier, au regard des faits et des nombreuses d\u00e9clarations de Monsieur le maire, il sera retenu dans les liens de la culpabilit\u00e9 et la loi p\u00e9nale lui sera appliqu\u00e9e dans toute sa s\u00e9v\u00e9rit\u00e9 et sa rigueur \u00bb, a-t-il affirm\u00e9.<\/p>\n<p>Alors que la proc\u00e9dure judiciaire est d\u00e9sormais engag\u00e9e, la direction d\u2019EDG entend \u00e9galement rassurer son personnel, notamment les agents pr\u00e9sents sur le terrain.<\/p>\n<p><img fetchpriority=\"high\" decoding=\"async\" class=\"alignnone size-full wp-image-62418\" src=\"https:\/\/lavoixdupeuple.info\/wp-content\/uploads\/2026\/09\/edg-plainte-maire.jpeg\" sizes=\"(max-width: 586px) 100vw, 586px\" srcset=\"https:\/\/lavoixdupeuple.info\/wp-content\/uploads\/2026\/09\/edg-plainte-maire.jpeg 586w, https:\/\/lavoixdupeuple.info\/wp-content\/uploads\/2026\/09\/edg-plainte-maire-300x189.jpeg 300w\" alt=\"\" width=\"586\" height=\"369\" data-pin-no-hover=\"true\" \/><\/p>\n<p>Dr Yaovi Afadodan a assur\u00e9 que la s\u00e9curit\u00e9 des travailleurs constitue une pr\u00e9occupation pour les autorit\u00e9s et la direction de l\u2019entreprise.<\/p>\n<p>\u00ab Votre s\u00e9curit\u00e9 et votre protection constituent et demeurent d\u2019ailleurs une pr\u00e9occupation majeure pour les plus hautes autorit\u00e9s de ce pays, le Pr\u00e9sident de la R\u00e9publique, le Premier ministre, le ministre de l\u2019\u00c9nergie ainsi que la direction g\u00e9n\u00e9rale d\u2019EDG \u00bb, a-t-il d\u00e9clar\u00e9.<\/p>\n<p>Il a appel\u00e9 les agents \u00e0 rester concentr\u00e9s sur leur mission et \u00e0 ne pas c\u00e9der \u00e0 la peur.<\/p>\n<p>\u00ab Nous vous invitons \u00e0 ne pas c\u00e9der \u00e0 la panique, \u00e0 ne pas c\u00e9der \u00e0 la peur et \u00e0 ne pas vous laisser distraire, mais \u00e0 continuer d\u2019exercer, de Conakry \u00e0 Yomou, de For\u00e9cariah \u00e0 Koundara, cette noble mission que l\u2019\u00c9tat vous a confi\u00e9e \u00bb, a-t-il lanc\u00e9.<\/p>\n<p>Dans un contexte marqu\u00e9 par la tension entre les deux parties, EDG appelle \u00e9galement ses abonn\u00e9s et l\u2019ensemble de la population au calme.<\/p>\n<p>Pour la soci\u00e9t\u00e9, le diff\u00e9rend avec la mairie de Ratoma ne doit pas d\u00e9tourner l\u2019entreprise de sa mission premi\u00e8re : assurer la fourniture d\u2019\u00e9lectricit\u00e9 \u00e0 la population guin\u00e9enne.<\/p>\n<p>\u00ab Notre mission est d\u2019utilit\u00e9 publique. Nous sommes pleinement d\u00e9termin\u00e9s et d\u00e9vou\u00e9s \u00e0 fournir de l\u2019\u00e9lectricit\u00e9 \u00e0 toute la population guin\u00e9enne, o\u00f9 qu\u2019elle se trouve \u00bb, a insist\u00e9 Dr Yaovi Afadodan.<\/p>\n<p>Et de conclure : \u00ab Notre mission est de faire en sorte qu\u2019il y ait de l\u2019\u00e9lectricit\u00e9 dans tous les coins et recoins de la Guin\u00e9e, et rien ne pourra nous distraire de son accomplissement. \u00bb<\/p>\n<p>La premi\u00e8re audience de cette affaire est annonc\u00e9e pour le 15 septembre 2026 \u00e0 9 heures devant le tribunal correctionnel de Dixinn. Le diff\u00e9rend entre EDG et la mairie de Ratoma pourrait ainsi conna\u00eetre un nouveau tournant devant les tribunaux.<\/p>\n<p><strong>A Camara <\/strong><\/p>\n","protected":false},"excerpt":{"rendered":"<p>Le bras de fer entre la mairie de Ratoma et la soci\u00e9t\u00e9 \u00c9lectricit\u00e9 de Guin\u00e9e (EDG S.A.) prend d\u00e9sormais une tournure judiciaire. Au c\u0153ur du diff\u00e9rend : une facture d\u2019\u00e9lectricit\u00e9 de pr\u00e8s de 600 millions de francs guin\u00e9ens, dont le paiement est contest\u00e9 par la mairie. Le conflit s\u2019est intensifi\u00e9 apr\u00e8s la fermeture de l\u2019agence [&hellip;]<\/p>\n","protected":false},"author":2,"featured_media":41590,"comment_status":"open","ping_status":"closed","sticky":false,"template":"","format":"standard","meta":{"buzzeditor_post_format":"","footnotes":""},"categories":[53],"tags":[],"class_list":["post-41589","post","type-post","status-publish","format-standard","has-post-thumbnail","hentry","category-societe-politique"],"amp_enabled":true,"jetpack_featured_media_url":"https:\/\/guineechrono.com\/wp-content\/uploads\/2026\/09\/facture.jpeg","_links":{"self":[{"href":"https:\/\/guineechrono.com\/index.php\/wp-json\/wp\/v2\/posts\/41589","targetHints":{"allow":["GET"]}}],"collection":[{"href":"https:\/\/guineechrono.com\/index.php\/wp-json\/wp\/v2\/posts"}],"about":[{"href":"https:\/\/guineechrono.com\/index.php\/wp-json\/wp\/v2\/types\/post"}],"author":[{"embeddable":true,"href":"https:\/\/guineechrono.com\/index.php\/wp-json\/wp\/v2\/users\/2"}],"replies":[{"embeddable":true,"href":"https:\/\/guineechrono.com\/index.php\/wp-json\/wp\/v2\/comments?post=41589"}],"version-history":[{"count":1,"href":"https:\/\/guineechrono.com\/index.php\/wp-json\/wp\/v2\/posts\/41589\/revisions"}],"predecessor-version":[{"id":41591,"href":"https:\/\/guineechrono.com\/index.php\/wp-json\/wp\/v2\/posts\/41589\/revisions\/41591"}],"wp:featuredmedia":[{"embeddable":true,"href":"https:\/\/guineechrono.com\/index.php\/wp-json\/wp\/v2\/media\/41590"}],"wp:attachment":[{"href":"https:\/\/guineechrono.com\/index.php\/wp-json\/wp\/v2\/media?parent=41589"}],"wp:term":[{"taxonomy":"category","embeddable":true,"href":"https:\/\/guineechrono.com\/index.php\/wp-json\/wp\/v2\/categories?post=41589"},{"taxonomy":"post_tag","embeddable":true,"href":"https:\/\/guineechrono.com\/index.php\/wp-json\/wp\/v2\/tags?post=41589"}],"curies":[{"name":"wp","href":"https:\/\/api.w.org\/{rel}","templated":true}]}}