{"id":41592,"date":"2026-09-04T16:08:09","date_gmt":"2026-09-04T15:08:09","guid":{"rendered":"https:\/\/guineechrono.com\/?p=41592"},"modified":"2026-09-04T16:08:09","modified_gmt":"2026-09-04T15:08:09","slug":"palais-du-peuple-apres-la-reception-de-son-vehicule-de-fonction-hon-sekou-samoura-veut-retourner-sur-le-terrain","status":"publish","type":"post","link":"https:\/\/guineechrono.com\/index.php\/palais-du-peuple-apres-la-reception-de-son-vehicule-de-fonction-hon-sekou-samoura-veut-retourner-sur-le-terrain\/","title":{"rendered":"Palais du peuple : Apr\u00e8s la r\u00e9ception de son v\u00e9hicule de fonction, Hon. S\u00e9kou Samoura veut \u00ab retourner sur le terrain \u00bb"},"content":{"rendered":"<p><strong>Le Palais du Peuple a accueilli, ce jeudi 3 septembre, la c\u00e9r\u00e9monie de remise des v\u00e9hicules de fonction aux membres de la 10<sup>\u00e8me<\/sup> l\u00e9gislature. Une c\u00e9r\u00e9monie officielle, certes, mais qui a aussi \u00e9t\u00e9 l\u2019occasion pour certains parlementaires de rappeler que ces moyens mis \u00e0 leur disposition doivent avant tout servir \u00e0 l\u2019exercice de leur mission.<\/strong><\/p>\n<p><a href=\"https:\/\/guineechrono.com\/wp-content\/uploads\/2026\/09\/IMG-20260904-WA0124.jpg\"><img fetchpriority=\"high\" decoding=\"async\" class=\"alignnone size-medium wp-image-41594\" src=\"https:\/\/guineechrono.com\/wp-content\/uploads\/2026\/09\/IMG-20260904-WA0124-300x200.jpg\" alt=\"\" width=\"300\" height=\"200\" srcset=\"https:\/\/guineechrono.com\/wp-content\/uploads\/2026\/09\/IMG-20260904-WA0124-300x200.jpg 300w, https:\/\/guineechrono.com\/wp-content\/uploads\/2026\/09\/IMG-20260904-WA0124.jpg 720w\" sizes=\"(max-width: 300px) 100vw, 300px\" \/><\/a><\/p>\n<p>Parmi eux, l\u2019honorable S\u00e9kou Samoura, pr\u00e9sident de la Commission Environnement, Agriculture et D\u00e9veloppement rural. Pour le d\u00e9put\u00e9, la r\u00e9ception de ce v\u00e9hicule ne constitue pas simplement un avantage li\u00e9 \u00e0 sa fonction. Elle repr\u00e9sente surtout un moyen suppl\u00e9mentaire de se rapprocher des populations et de mieux comprendre leurs r\u00e9alit\u00e9s.<\/p>\n<p>\u00ab Au-del\u00e0 de la fiert\u00e9, cette fonction repr\u00e9sente une responsabilit\u00e9 immense : celle de porter haut les aspirations, les combats et les urgences du quotidien de nos vaillantes populations \u00bb, a-t-il d\u00e9clar\u00e9.<\/p>\n<p>Pour S\u00e9kou Samoura, le travail d\u2019un parlementaire ne peut pas se limiter aux r\u00e9unions, aux s\u00e9ances pl\u00e9ni\u00e8res et aux bureaux de l\u2019Assembl\u00e9e. Il doit \u00e9galement se construire au contact des citoyens.<\/p>\n<p><a href=\"https:\/\/guineechrono.com\/wp-content\/uploads\/2026\/09\/IMG-20260904-WA0125.jpg\"><img decoding=\"async\" class=\"alignnone size-medium wp-image-41595\" src=\"https:\/\/guineechrono.com\/wp-content\/uploads\/2026\/09\/IMG-20260904-WA0125-180x300.jpg\" alt=\"\" width=\"180\" height=\"300\" srcset=\"https:\/\/guineechrono.com\/wp-content\/uploads\/2026\/09\/IMG-20260904-WA0125-180x300.jpg 180w, https:\/\/guineechrono.com\/wp-content\/uploads\/2026\/09\/IMG-20260904-WA0125-613x1024.jpg 613w, https:\/\/guineechrono.com\/wp-content\/uploads\/2026\/09\/IMG-20260904-WA0125.jpg 676w\" sizes=\"(max-width: 180px) 100vw, 180px\" \/><\/a><\/p>\n<p>Le v\u00e9hicule re\u00e7u devrait ainsi lui permettre de multiplier les d\u00e9placements \u00e0 l\u2019int\u00e9rieur du pays, notamment dans les zones rurales, o\u00f9 les r\u00e9alit\u00e9s sont parfois tr\u00e8s \u00e9loign\u00e9es des pr\u00e9occupations discut\u00e9es dans les institutions.<\/p>\n<p>L\u2019objectif est clair : aller \u00e0 la rencontre des populations, constater directement les difficult\u00e9s auxquelles elles sont confront\u00e9es et suivre l\u2019\u00e9volution des projets engag\u00e9s dans les diff\u00e9rentes localit\u00e9s.<\/p>\n<p>Le d\u00e9put\u00e9 entend notamment s\u2019int\u00e9resser \u00e0 l\u2019\u00e9tat des infrastructures, \u00e0 l\u2019impact des politiques publiques et aux conditions de vie des agriculteurs et des communaut\u00e9s rurales.<\/p>\n<p>Les pr\u00e9occupations exprim\u00e9es par les citoyens doivent, selon lui, pouvoir trouver leur chemin jusqu\u2019\u00e0 l\u2019Assembl\u00e9e nationale et contribuer \u00e0 orienter le travail parlementaire.<\/p>\n<p>Cette d\u00e9marche vise \u00e9galement \u00e0 renforcer le r\u00f4le de contr\u00f4le du Parlement. Pour S\u00e9kou Samoura, les d\u00e9placements sur le terrain ne doivent pas se limiter \u00e0 des visites protocolaires. Ils doivent permettre de recueillir des informations concr\u00e8tes et de mesurer, au plus pr\u00e8s des r\u00e9alit\u00e9s locales, les effets des politiques publiques.<\/p>\n<p><a href=\"https:\/\/guineechrono.com\/wp-content\/uploads\/2026\/09\/IMG-20260904-WA0126.jpg\"><img decoding=\"async\" class=\"alignnone size-medium wp-image-41596\" src=\"https:\/\/guineechrono.com\/wp-content\/uploads\/2026\/09\/IMG-20260904-WA0126-200x300.jpg\" alt=\"\" width=\"200\" height=\"300\" srcset=\"https:\/\/guineechrono.com\/wp-content\/uploads\/2026\/09\/IMG-20260904-WA0126-200x300.jpg 200w, https:\/\/guineechrono.com\/wp-content\/uploads\/2026\/09\/IMG-20260904-WA0126-683x1024.jpg 683w, https:\/\/guineechrono.com\/wp-content\/uploads\/2026\/09\/IMG-20260904-WA0126-768x1151.jpg 768w, https:\/\/guineechrono.com\/wp-content\/uploads\/2026\/09\/IMG-20260904-WA0126-750x1124.jpg 750w, https:\/\/guineechrono.com\/wp-content\/uploads\/2026\/09\/IMG-20260904-WA0126.jpg 854w\" sizes=\"(max-width: 200px) 100vw, 200px\" \/><\/a><\/p>\n<p>Ces constats pourront ensuite alimenter les d\u00e9bats parlementaires, les questions d\u2019actualit\u00e9 ou encore les propositions susceptibles d\u2019am\u00e9liorer les conditions de vie des populations.<\/p>\n<p>\u00ab Je veux faire de cet \u00e9quipement un instrument de contr\u00f4le, d\u2019\u00e9valuation et de d\u00e9fense des int\u00e9r\u00eats de nos populations \u00bb, insiste-t-il.<\/p>\n<p>Un engagement particuli\u00e8rement important pour une commission charg\u00e9e de secteurs aussi sensibles que l\u2019agriculture, l\u2019environnement et le d\u00e9veloppement rural. Des domaines qui touchent directement au quotidien de millions de Guin\u00e9ens et aux enjeux de souverainet\u00e9 alimentaire et de d\u00e9veloppement durable.<\/p>\n<p>La remise des v\u00e9hicules de fonction intervient donc, pour S\u00e9kou Samoura, comme le d\u00e9but d\u2019une nouvelle \u00e9tape plut\u00f4t que comme une cons\u00e9cration.<\/p>\n<p>L\u2019\u00e9lu veut y voir un moyen de renforcer son action et de maintenir un contact r\u00e9gulier avec les citoyens qu\u2019il repr\u00e9sente.<\/p>\n<p>Dans un contexte o\u00f9 les populations attendent des responsables publics davantage de pr\u00e9sence et de r\u00e9sultats, le message du parlementaire se veut simple : les moyens accord\u00e9s aux \u00e9lus doivent \u00eatre mis au service de leur mandat.<\/p>\n<p>\u00ab La confiance du peuple nous oblige. Le terrain nous interpelle. Le devoir nous engage \u00bb, r\u00e9sume S\u00e9kou Samoura.<\/p>\n<p>Une formule qui traduit son ambition pour cette l\u00e9gislature : \u00eatre davantage pr\u00e9sent sur le terrain, \u00e9couter les populations et faire de leurs pr\u00e9occupations une mati\u00e8re premi\u00e8re du travail parlementaire.<\/p>\n<p><strong>R\u00e9daction <\/strong><\/p>\n","protected":false},"excerpt":{"rendered":"<p>Le Palais du Peuple a accueilli, ce jeudi 3 septembre, la c\u00e9r\u00e9monie de remise des v\u00e9hicules de fonction aux membres de la 10\u00e8me l\u00e9gislature. Une c\u00e9r\u00e9monie officielle, certes, mais qui a aussi \u00e9t\u00e9 l\u2019occasion pour certains parlementaires de rappeler que ces moyens mis \u00e0 leur disposition doivent avant tout servir \u00e0 l\u2019exercice de leur mission. [&hellip;]<\/p>\n","protected":false},"author":2,"featured_media":41593,"comment_status":"open","ping_status":"closed","sticky":false,"template":"","format":"standard","meta":{"buzzeditor_post_format":"","footnotes":""},"categories":[43],"tags":[],"class_list":["post-41592","post","type-post","status-publish","format-standard","has-post-thumbnail","hentry","category-politique"],"amp_enabled":true,"jetpack_featured_media_url":"https:\/\/guineechrono.com\/wp-content\/uploads\/2026\/09\/IMG-20260904-WA0123.jpg","_links":{"self":[{"href":"https:\/\/guineechrono.com\/index.php\/wp-json\/wp\/v2\/posts\/41592","targetHints":{"allow":["GET"]}}],"collection":[{"href":"https:\/\/guineechrono.com\/index.php\/wp-json\/wp\/v2\/posts"}],"about":[{"href":"https:\/\/guineechrono.com\/index.php\/wp-json\/wp\/v2\/types\/post"}],"author":[{"embeddable":true,"href":"https:\/\/guineechrono.com\/index.php\/wp-json\/wp\/v2\/users\/2"}],"replies":[{"embeddable":true,"href":"https:\/\/guineechrono.com\/index.php\/wp-json\/wp\/v2\/comments?post=41592"}],"version-history":[{"count":1,"href":"https:\/\/guineechrono.com\/index.php\/wp-json\/wp\/v2\/posts\/41592\/revisions"}],"predecessor-version":[{"id":41597,"href":"https:\/\/guineechrono.com\/index.php\/wp-json\/wp\/v2\/posts\/41592\/revisions\/41597"}],"wp:featuredmedia":[{"embeddable":true,"href":"https:\/\/guineechrono.com\/index.php\/wp-json\/wp\/v2\/media\/41593"}],"wp:attachment":[{"href":"https:\/\/guineechrono.com\/index.php\/wp-json\/wp\/v2\/media?parent=41592"}],"wp:term":[{"taxonomy":"category","embeddable":true,"href":"https:\/\/guineechrono.com\/index.php\/wp-json\/wp\/v2\/categories?post=41592"},{"taxonomy":"post_tag","embeddable":true,"href":"https:\/\/guineechrono.com\/index.php\/wp-json\/wp\/v2\/tags?post=41592"}],"curies":[{"name":"wp","href":"https:\/\/api.w.org\/{rel}","templated":true}]}}