{"id":4196,"date":"2019-05-05T09:22:17","date_gmt":"2019-05-05T08:22:17","guid":{"rendered":"http:\/\/guineechrono.com\/?p=4196"},"modified":"2020-05-19T16:38:24","modified_gmt":"2020-05-19T15:38:24","slug":"alpha-conde-aux-kindiakas-je-suis-venu-pour-le-lancement-des-travaux-de-la-fete-tournante","status":"publish","type":"post","link":"https:\/\/guineechrono.com\/index.php\/alpha-conde-aux-kindiakas-je-suis-venu-pour-le-lancement-des-travaux-de-la-fete-tournante\/","title":{"rendered":"Alpha Cond\u00e9 aux  Kindiakas : \u00ab Je suis venu pour le lancement des travaux de la f\u00eate tournante \u00bb"},"content":{"rendered":"<p><strong>Ce samedi 04 mai 2019, Alpha Cond\u00e9, pr\u00e9sident de la r\u00e9publique de Guin\u00e9e s\u2019est rendu \u00e0 Kindia, la capitale de la basse guin\u00e9e. Si cette visite a suscit\u00e9 \u00e0 beaucoup d\u2019interpr\u00e9tations li\u00e9es notamment \u00e0 la vell\u00e9it\u00e9 de tripatouillage de la Constitution pour s\u2019offrir un 3\u00e8 mandat. Le chef de l\u2019Etat laisse le peuple le soin au peuple. <\/strong><\/p>\n<p>Selon lui, le peuple a toujours raison. \u00ab\u00a0Pour le moment, je suis \u00e0 l\u2019\u00e9coute du peuple. Le moment venu, je donnerai ma r\u00e9ponse\u00a0\u00bb, d\u00e9clare Alpha Cond\u00e9<\/p>\n<p>Concernant les raisons de sa pr\u00e9sence, Alpha Cond\u00e9 pr\u00e9cise. \u00ab\u00a0Je suis venu pour le lancement des travaux de la f\u00eate tournante. Nous voulons que les peuples b\u00e9n\u00e9ficient du d\u00e9veloppement de la Guin\u00e9e. L\u2019objectif de cette d\u00e9localisation, c\u2019est de donner l\u2019opportunit\u00e9 \u00e0 toutes les villes, sous-pr\u00e9fectures, de b\u00e9n\u00e9ficier les projets du d\u00e9veloppement pour changer la vie des Guin\u00e9ens\u00a0\u00bb, a-t-il affirm\u00e9.<\/p>\n<p>Enfin, il a promis qu\u2019il va accorder des cr\u00e9dits en responsabilisant les \u00e9lus locaux, afin de suivre \u00e0 la lettre des projets dans chaque ville.<\/p>\n<p><strong>R\u00e9daction <\/strong><\/p>\n","protected":false},"excerpt":{"rendered":"<p>Ce samedi 04 mai 2019, Alpha Cond\u00e9, pr\u00e9sident de la r\u00e9publique de Guin\u00e9e s\u2019est rendu \u00e0 Kindia, la capitale de la basse guin\u00e9e. Si cette visite a suscit\u00e9 \u00e0 beaucoup d\u2019interpr\u00e9tations li\u00e9es notamment \u00e0 la vell\u00e9it\u00e9 de tripatouillage de la Constitution pour s\u2019offrir un 3\u00e8 mandat. Le chef de l\u2019Etat laisse le peuple le soin [&hellip;]<\/p>\n","protected":false},"author":2,"featured_media":4198,"comment_status":"open","ping_status":"closed","sticky":false,"template":"","format":"standard","meta":{"buzzeditor_post_format":"","footnotes":""},"categories":[1,31],"tags":[],"class_list":["post-4196","post","type-post","status-publish","format-standard","has-post-thumbnail","hentry","category-non-classe","category-reportage"],"jetpack_featured_media_url":"https:\/\/guineechrono.com\/wp-content\/uploads\/2019\/05\/kindia-1.png","amp_enabled":true,"_links":{"self":[{"href":"https:\/\/guineechrono.com\/index.php\/wp-json\/wp\/v2\/posts\/4196","targetHints":{"allow":["GET"]}}],"collection":[{"href":"https:\/\/guineechrono.com\/index.php\/wp-json\/wp\/v2\/posts"}],"about":[{"href":"https:\/\/guineechrono.com\/index.php\/wp-json\/wp\/v2\/types\/post"}],"author":[{"embeddable":true,"href":"https:\/\/guineechrono.com\/index.php\/wp-json\/wp\/v2\/users\/2"}],"replies":[{"embeddable":true,"href":"https:\/\/guineechrono.com\/index.php\/wp-json\/wp\/v2\/comments?post=4196"}],"version-history":[{"count":0,"href":"https:\/\/guineechrono.com\/index.php\/wp-json\/wp\/v2\/posts\/4196\/revisions"}],"wp:featuredmedia":[{"embeddable":true,"href":"https:\/\/guineechrono.com\/index.php\/wp-json\/wp\/v2\/media\/4198"}],"wp:attachment":[{"href":"https:\/\/guineechrono.com\/index.php\/wp-json\/wp\/v2\/media?parent=4196"}],"wp:term":[{"taxonomy":"category","embeddable":true,"href":"https:\/\/guineechrono.com\/index.php\/wp-json\/wp\/v2\/categories?post=4196"},{"taxonomy":"post_tag","embeddable":true,"href":"https:\/\/guineechrono.com\/index.php\/wp-json\/wp\/v2\/tags?post=4196"}],"curies":[{"name":"wp","href":"https:\/\/api.w.org\/{rel}","templated":true}]}}