{"id":4200,"date":"2019-05-05T09:42:56","date_gmt":"2019-05-05T08:42:56","guid":{"rendered":"http:\/\/guineechrono.com\/?p=4200"},"modified":"2019-05-05T09:42:56","modified_gmt":"2019-05-05T08:42:56","slug":"gabon-la-demande-dexpertise-medicale-pour-le-president-bongo-rejetee","status":"publish","type":"post","link":"https:\/\/guineechrono.com\/index.php\/gabon-la-demande-dexpertise-medicale-pour-le-president-bongo-rejetee\/","title":{"rendered":"Gabon : la demande d&rsquo;expertise m\u00e9dicale pour le pr\u00e9sident Bongo rejet\u00e9e"},"content":{"rendered":"<p><strong>La justice gabonaise a rejet\u00e9 la demande d&rsquo;expertise m\u00e9dicale concernant le pr\u00e9sident gabonais Ali Bongo Ondimba.<\/strong><\/p>\n<p>La requ\u00eate a \u00e9t\u00e9 d\u00e9pos\u00e9e fin mars par le collectif \u00ab\u00a0Appel \u00e0 agir\u00a0\u00bb qui regroupe l&rsquo;opposition et la soci\u00e9t\u00e9 civile.<\/p>\n<p>Selon les membres de la soci\u00e9t\u00e9 civile, cet examen devait mettre fin au d\u00e9bat sur la capacit\u00e9 du chef de l&rsquo;Etat gabonais \u00e0 diriger le pays.<\/p>\n<p>Pour Marc Ona, activiste et membre du collectif \u00ab\u00a0Appel \u00e0 agir\u00a0\u00bb, cette d\u00e9cision de justice n&rsquo;est pas une surprise.<\/p>\n<p>\u00ab\u00a0Nous savions tr\u00e8s bien qu&rsquo;en posant cet acte, la justice allait rendre cette d\u00e9cision, tout simplement parce que ceux qui rendent la justice au Gabon sont sous le diktat du pouvoir en place\u00a0\u00bb, a-t-il d\u00e9clar\u00e9.<\/p>\n<p>L&rsquo;activiste est convaincu que le pr\u00e9sident gabonais n&rsquo;est plus en mesure de gouverner.<\/p>\n<p>Ali Bongo Ondimba a \u00e9t\u00e9 victime d&rsquo;un accident vasculaire c\u00e9r\u00e9bral (AVC) en octobre dernier \u00e0 Ryad en Arabie Saoudite.<\/p>\n<p>Le chef de l&rsquo;Etat gabonais est rest\u00e9 plusieurs mois au Maroc o\u00f9 il suivait son traitement.<\/p>\n<p><strong>Bbcafrique.com <\/strong><\/p>\n","protected":false},"excerpt":{"rendered":"<p>La justice gabonaise a rejet\u00e9 la demande d&rsquo;expertise m\u00e9dicale concernant le pr\u00e9sident gabonais Ali Bongo Ondimba. La requ\u00eate a \u00e9t\u00e9 d\u00e9pos\u00e9e fin mars par le collectif \u00ab\u00a0Appel \u00e0 agir\u00a0\u00bb qui regroupe l&rsquo;opposition et la soci\u00e9t\u00e9 civile. Selon les membres de la soci\u00e9t\u00e9 civile, cet examen devait mettre fin au d\u00e9bat sur la capacit\u00e9 du chef [&hellip;]<\/p>\n","protected":false},"author":2,"featured_media":4201,"comment_status":"open","ping_status":"closed","sticky":false,"template":"","format":"standard","meta":{"buzzeditor_post_format":"","footnotes":""},"categories":[1],"tags":[],"class_list":["post-4200","post","type-post","status-publish","format-standard","has-post-thumbnail","hentry","category-non-classe"],"jetpack_featured_media_url":"https:\/\/guineechrono.com\/wp-content\/uploads\/2019\/05\/Gabon2.jpg","amp_enabled":true,"_links":{"self":[{"href":"https:\/\/guineechrono.com\/index.php\/wp-json\/wp\/v2\/posts\/4200","targetHints":{"allow":["GET"]}}],"collection":[{"href":"https:\/\/guineechrono.com\/index.php\/wp-json\/wp\/v2\/posts"}],"about":[{"href":"https:\/\/guineechrono.com\/index.php\/wp-json\/wp\/v2\/types\/post"}],"author":[{"embeddable":true,"href":"https:\/\/guineechrono.com\/index.php\/wp-json\/wp\/v2\/users\/2"}],"replies":[{"embeddable":true,"href":"https:\/\/guineechrono.com\/index.php\/wp-json\/wp\/v2\/comments?post=4200"}],"version-history":[{"count":0,"href":"https:\/\/guineechrono.com\/index.php\/wp-json\/wp\/v2\/posts\/4200\/revisions"}],"wp:featuredmedia":[{"embeddable":true,"href":"https:\/\/guineechrono.com\/index.php\/wp-json\/wp\/v2\/media\/4201"}],"wp:attachment":[{"href":"https:\/\/guineechrono.com\/index.php\/wp-json\/wp\/v2\/media?parent=4200"}],"wp:term":[{"taxonomy":"category","embeddable":true,"href":"https:\/\/guineechrono.com\/index.php\/wp-json\/wp\/v2\/categories?post=4200"},{"taxonomy":"post_tag","embeddable":true,"href":"https:\/\/guineechrono.com\/index.php\/wp-json\/wp\/v2\/tags?post=4200"}],"curies":[{"name":"wp","href":"https:\/\/api.w.org\/{rel}","templated":true}]}}