{"id":4228,"date":"2019-05-07T12:34:29","date_gmt":"2019-05-07T11:34:29","guid":{"rendered":"http:\/\/guineechrono.com\/?p=4228"},"modified":"2019-05-07T12:34:29","modified_gmt":"2019-05-07T11:34:29","slug":"liberia-le-president-suspend-un-responsable-des-medias-pour-haine-tribale","status":"publish","type":"post","link":"https:\/\/guineechrono.com\/index.php\/liberia-le-president-suspend-un-responsable-des-medias-pour-haine-tribale\/","title":{"rendered":"Liberia : le pr\u00e9sident suspend un responsable des m\u00e9dias pour haine tribale"},"content":{"rendered":"<p><strong>Le pr\u00e9sident lib\u00e9rien et ancienne star du football George Weah a suspendu son vice-ministre de l&rsquo;Information, Eugene Fahngon, pour avoir attis\u00e9 de la haine tribale en qualifiant les descendants des esclaves lib\u00e9r\u00e9s de \u00ab\u00a0Congo Lib\u00e9riens\u00a0\u00bb.<\/strong><\/p>\n<p>Le gouvernement de M. Weah s&rsquo;est engag\u00e9 en faveur d&rsquo;une politique \u00ab\u00a0un pays, un peuple\u00a0\u00bb, avec une tol\u00e9rance z\u00e9ro pour \u00ab\u00a0la politique de division ou le tribalisme\u00a0\u00bb, a d\u00e9clar\u00e9 son bureau dans un communiqu\u00e9 annon\u00e7ant la suspension de M. Fahngon avec effet imm\u00e9diat.<\/p>\n<ol>\n<li>Fahngon a d\u00e9clar\u00e9 sur les m\u00e9dias sociaux qu&rsquo;une manifestation anti-gouvernementale pr\u00e9vue pour le 7 juin avait \u00e9t\u00e9 orchestr\u00e9e par les \u00a0\u00bb Congo Lib\u00e9riens\u00a0\u00bb, une r\u00e9f\u00e9rence aux descendants des esclaves lib\u00e9r\u00e9s qui sont revenus des Etats-Unis pour fonder la premi\u00e8re r\u00e9publique ind\u00e9pendante d&rsquo;Afrique, selon l&rsquo;agence de presse AFP.<\/li>\n<\/ol>\n<p>\u00ab\u00a0Je n&rsquo;irai pas \u00e0 la manifestation du 7 juin. Ce sont les \u00ab\u00a0Congos\u00a0\u00bb qui sont \u00e0 l&rsquo;origine de la manifestation du 7 juin\u00a0\u00bb, a d\u00e9clar\u00e9 M. Fahngon.<\/p>\n<p>Dans une d\u00e9claration, l&rsquo;ambassade des Etats-Unis au Lib\u00e9ria a condamn\u00e9 ses propos comme \u00e9tant \u00ab\u00a0irresponsables\u00a0\u00bb.<\/p>\n<p>L&rsquo;ambassade a exhort\u00e9 tous les Lib\u00e9riens \u00e0 \u00ab\u00a0r\u00e9fl\u00e9chir \u00e0 leur r\u00f4le pour une contribution constructive au d\u00e9veloppement et au maintien de la paix\u00a0\u00bb alors que le pays se pr\u00e9pare \u00e0 c\u00e9l\u00e9brer la Journ\u00e9e de l&rsquo;unification nationale la semaine prochaine.<\/p>\n<p>Environ 250.000 personnes ont \u00e9t\u00e9 tu\u00e9es lors de la guerre civile au Lib\u00e9ria, qui a dur\u00e9 de 1989 \u00e0 2003.<\/p>\n<p>Bien que fond\u00e9 par des esclaves am\u00e9ricains et carib\u00e9ens affranchis, le Lib\u00e9ria est principalement habit\u00e9 par des indig\u00e8nes, les descendants des esclaves repr\u00e9sentant 5% de la population.<\/p>\n<p><strong>Bbcafrique.com<\/strong><\/p>\n","protected":false},"excerpt":{"rendered":"<p>Le pr\u00e9sident lib\u00e9rien et ancienne star du football George Weah a suspendu son vice-ministre de l&rsquo;Information, Eugene Fahngon, pour avoir attis\u00e9 de la haine tribale en qualifiant les descendants des esclaves lib\u00e9r\u00e9s de \u00ab\u00a0Congo Lib\u00e9riens\u00a0\u00bb. Le gouvernement de M. Weah s&rsquo;est engag\u00e9 en faveur d&rsquo;une politique \u00ab\u00a0un pays, un peuple\u00a0\u00bb, avec une tol\u00e9rance z\u00e9ro pour [&hellip;]<\/p>\n","protected":false},"author":2,"featured_media":4229,"comment_status":"open","ping_status":"closed","sticky":false,"template":"","format":"standard","meta":{"buzzeditor_post_format":"","footnotes":""},"categories":[1],"tags":[],"class_list":["post-4228","post","type-post","status-publish","format-standard","has-post-thumbnail","hentry","category-non-classe"],"jetpack_featured_media_url":"https:\/\/guineechrono.com\/wp-content\/uploads\/2019\/05\/liberia.jpg","amp_enabled":true,"_links":{"self":[{"href":"https:\/\/guineechrono.com\/index.php\/wp-json\/wp\/v2\/posts\/4228","targetHints":{"allow":["GET"]}}],"collection":[{"href":"https:\/\/guineechrono.com\/index.php\/wp-json\/wp\/v2\/posts"}],"about":[{"href":"https:\/\/guineechrono.com\/index.php\/wp-json\/wp\/v2\/types\/post"}],"author":[{"embeddable":true,"href":"https:\/\/guineechrono.com\/index.php\/wp-json\/wp\/v2\/users\/2"}],"replies":[{"embeddable":true,"href":"https:\/\/guineechrono.com\/index.php\/wp-json\/wp\/v2\/comments?post=4228"}],"version-history":[{"count":0,"href":"https:\/\/guineechrono.com\/index.php\/wp-json\/wp\/v2\/posts\/4228\/revisions"}],"wp:featuredmedia":[{"embeddable":true,"href":"https:\/\/guineechrono.com\/index.php\/wp-json\/wp\/v2\/media\/4229"}],"wp:attachment":[{"href":"https:\/\/guineechrono.com\/index.php\/wp-json\/wp\/v2\/media?parent=4228"}],"wp:term":[{"taxonomy":"category","embeddable":true,"href":"https:\/\/guineechrono.com\/index.php\/wp-json\/wp\/v2\/categories?post=4228"},{"taxonomy":"post_tag","embeddable":true,"href":"https:\/\/guineechrono.com\/index.php\/wp-json\/wp\/v2\/tags?post=4228"}],"curies":[{"name":"wp","href":"https:\/\/api.w.org\/{rel}","templated":true}]}}