{"id":4279,"date":"2019-05-09T09:30:39","date_gmt":"2019-05-09T08:30:39","guid":{"rendered":"http:\/\/guineechrono.com\/?p=4279"},"modified":"2019-05-09T09:30:39","modified_gmt":"2019-05-09T08:30:39","slug":"sept-membres-du-fndc-condamnes-bah-oury-brise-le-silence","status":"publish","type":"post","link":"https:\/\/guineechrono.com\/index.php\/sept-membres-du-fndc-condamnes-bah-oury-brise-le-silence\/","title":{"rendered":"Sept membres du FNDC condamn\u00e9s : Bah Oury brise le silence"},"content":{"rendered":"<p><strong>Apr\u00e8s la condamnation des sept manifestants, membres du FNDC \u00e0 Kindia en marge de la r\u00e9ception du pr\u00e9sident de la r\u00e9publique, beaucoup de voix ce sont lev\u00e9es contre la d\u00e9cision rendue par le tribunal. C\u2019est le cas du pr\u00e9sident de l\u2019UFDG renouveau. Il l\u2019a avou\u00e9 ce mercredi 8 mai 2019 dans l\u2019\u00e9mission d\u2019une radio de la place. <\/strong><\/p>\n<p>Selon Bah Oury, ce n\u2019est pas normal d\u2019arr\u00eater et condamner ces jeunes manifestants. \u00ab Je condamne l\u2019arrestation des militants qui ont \u00e9t\u00e9 arr\u00eat\u00e9s, ce n\u2019est pas normal, il doit les lib\u00e9rer parce qu\u2019ils ont le droit d\u2019exprimer leurs pens\u00e9es \u00bb, a-t-il d\u00e9clar\u00e9.<\/p>\n<p>Poursuivant, il a soulign\u00e9 que le droit de manifestation doit \u00eatre garanti. \u00ab C\u2019est le droit de permettre \u00e0 chaque citoyen de s\u2019exprimer librement sans crainte. La manifestation d\u00e8s qu\u2019elle est non violente, elle est pacifique, elle doit \u00eatre permise de mani\u00e8re en sorte qu\u2019une partie du peuple exprime son point de vue. Mais si on l\u2019\u00e9touffe, il va de soit que c\u2019est une minorit\u00e9 qui s\u2019exprime et qui a l\u2019autorit\u00e9 et l\u2019aval du pouvoir en place \u00bb, ajoute-t-il.<\/p>\n<p>Pour finir, Bah Oury, pr\u00e9sident de l\u2019UFDG renouveau souhaite une culture d\u00e9mocratique en Guin\u00e9e.<\/p>\n<p><strong>Aboubacar camara<\/strong><\/p>\n","protected":false},"excerpt":{"rendered":"<p>Apr\u00e8s la condamnation des sept manifestants, membres du FNDC \u00e0 Kindia en marge de la r\u00e9ception du pr\u00e9sident de la r\u00e9publique, beaucoup de voix ce sont lev\u00e9es contre la d\u00e9cision rendue par le tribunal. C\u2019est le cas du pr\u00e9sident de l\u2019UFDG renouveau. Il l\u2019a avou\u00e9 ce mercredi 8 mai 2019 dans l\u2019\u00e9mission d\u2019une radio de [&hellip;]<\/p>\n","protected":false},"author":2,"featured_media":4280,"comment_status":"open","ping_status":"closed","sticky":false,"template":"","format":"standard","meta":{"buzzeditor_post_format":"","footnotes":""},"categories":[1],"tags":[],"class_list":["post-4279","post","type-post","status-publish","format-standard","has-post-thumbnail","hentry","category-non-classe"],"jetpack_featured_media_url":"https:\/\/guineechrono.com\/wp-content\/uploads\/2019\/05\/bah-oury.png","amp_enabled":true,"_links":{"self":[{"href":"https:\/\/guineechrono.com\/index.php\/wp-json\/wp\/v2\/posts\/4279","targetHints":{"allow":["GET"]}}],"collection":[{"href":"https:\/\/guineechrono.com\/index.php\/wp-json\/wp\/v2\/posts"}],"about":[{"href":"https:\/\/guineechrono.com\/index.php\/wp-json\/wp\/v2\/types\/post"}],"author":[{"embeddable":true,"href":"https:\/\/guineechrono.com\/index.php\/wp-json\/wp\/v2\/users\/2"}],"replies":[{"embeddable":true,"href":"https:\/\/guineechrono.com\/index.php\/wp-json\/wp\/v2\/comments?post=4279"}],"version-history":[{"count":0,"href":"https:\/\/guineechrono.com\/index.php\/wp-json\/wp\/v2\/posts\/4279\/revisions"}],"wp:featuredmedia":[{"embeddable":true,"href":"https:\/\/guineechrono.com\/index.php\/wp-json\/wp\/v2\/media\/4280"}],"wp:attachment":[{"href":"https:\/\/guineechrono.com\/index.php\/wp-json\/wp\/v2\/media?parent=4279"}],"wp:term":[{"taxonomy":"category","embeddable":true,"href":"https:\/\/guineechrono.com\/index.php\/wp-json\/wp\/v2\/categories?post=4279"},{"taxonomy":"post_tag","embeddable":true,"href":"https:\/\/guineechrono.com\/index.php\/wp-json\/wp\/v2\/tags?post=4279"}],"curies":[{"name":"wp","href":"https:\/\/api.w.org\/{rel}","templated":true}]}}