{"id":4310,"date":"2019-05-10T12:50:42","date_gmt":"2019-05-10T11:50:42","guid":{"rendered":"http:\/\/guineechrono.com\/?p=4310"},"modified":"2019-05-10T12:50:42","modified_gmt":"2019-05-10T11:50:42","slug":"sport-la-radiodiffusion-television-guineenne-rtg-est-desormais-lunique-chaine-detentrice-des-droits-de-diffusion-de-la-coupe-dafrique-des-nations-egypte-2019","status":"publish","type":"post","link":"https:\/\/guineechrono.com\/index.php\/sport-la-radiodiffusion-television-guineenne-rtg-est-desormais-lunique-chaine-detentrice-des-droits-de-diffusion-de-la-coupe-dafrique-des-nations-egypte-2019\/","title":{"rendered":"Sport : La Radiodiffusion T\u00e9l\u00e9vision Guin\u00e9enne (RTG) est d\u00e9sormais l\u2019unique cha\u00eene d\u00e9tentrice des droits de diffusion de la Coupe d\u2019Afrique des Nations, Egypte 2019"},"content":{"rendered":"<p>C\u2019est officiel ! La Radiodiffusion T\u00e9l\u00e9vision Guin\u00e9enne (RTG) est d\u00e9sormais l\u2019unique cha\u00eene d\u00e9tentrice des droits de diffusion de la Coupe d\u2019Afrique des Nations, Egypte 2019 sur le territoire guin\u00e9en, a indiqu\u00e9 le Directeur g\u00e9n\u00e9ral de l\u2019Union Africaine de Radiodiffusions (UAR), M. Gr\u00e9goire Ndjaka, au sortir de son audience avec le ministre de l\u2019Information et de la Communication, ce jeudi 9 mai 2019.<span id=\"more-538\"><\/span><\/p>\n<p>Il faut souligner que l\u2019UAR est le partenaire m\u00e9dia choisi cette ann\u00e9e, pour faciliter la retransmission en direct des matchs de la 32\u00e8me CAN sur l\u2019\u00e9tendue du continent africain. C\u2019est suite \u00e0 ce choix et sur instruction de la CAF, que l\u2019UAR a lanc\u00e9 un appel d\u2019offres \u00e0 des structures guin\u00e9ennes : RTG et CIS MEDIAS pour assurer \u00e0 leur tour, la diffusion sur place, des diff\u00e9rentes rencontres sportives.<\/p>\n<p>\u00ab Nous avons re\u00e7u une seule proposition sign\u00e9e de M. S\u00e9kouba Savan\u00e9, Directeur g\u00e9n\u00e9ral de la RTG qui est une structure relevant du minist\u00e8re de l\u2019Information et de<\/p>\n<p>la Communication. Je peux vous dire que nous sommes satisfaits enti\u00e8rement des propositions qui ont \u00e9t\u00e9 faites par M. Savan\u00e9 et son \u00e9quipe. C\u2019est pour cela que je voudrais ici d\u00e9clarer solennellement la RTG, seule et unique d\u00e9tentrice des droits pour toutes ces comp\u00e9titions en territoire guin\u00e9en \u00bb a d\u00e9clar\u00e9 M. Gr\u00e9groire Ndjaka.<\/p>\n<p>Poursuivant, l\u2019h\u00f4te du ministre Amara Sompar\u00e9, a formul\u00e9 une dol\u00e9ance aupr\u00e8s du d\u00e9partement et de la RTG afin de permettre aux autres t\u00e9l\u00e9visions nationales de retransmettre les images de ces comp\u00e9titions.<\/p>\n<p>\u00ab\u00a0Nous sommes une terre de partage, un territoire de solidarit\u00e9. Nous sommes des africains, c\u2019est ce qui nous caract\u00e9rise, c\u2019est ce qui vous caract\u00e9rise et c\u2019est ce<\/p>\n<p>qui caract\u00e9rise le Professeur Alpha Cond\u00e9: le partage de la solidarit\u00e9 africaine. Je voudrais vous demander tr\u00e8s humblement d\u2019ouvrir la voie aux autres organes de presse qui sont en Guin\u00e9e\u00a0\u00bb, a-t-il plaid\u00e9.<\/p>\n<p>Visiblement satisfait de cette nouvelle, le ministre Amara Sompar\u00e9 a tout d\u2019abord rassur\u00e9 le Directeur de l\u2019UAR que son cabinet examinera avec une attention particuli\u00e8re, toute sollicitation de retransmission des matches par les m\u00e9dias priv\u00e9s.<\/p>\n<p>Il a en outre lanc\u00e9 une invite \u00e0 tous les annonceurs afin d\u2019associer leur image \u00e0 ce grand rendez-vous du cuir rond africain qui sera retransmis en direct sur la cha\u00eene nationale.<\/p>\n<p>A noter que la RTG d\u00e9tient d\u00e9sormais les droits exclusifs de retransmission de la CAN \u00e0 venir ainsi que de l\u2019ensemble des comp\u00e9titions de la CAF sur les exercices allant jusqu\u2019en 2021. Des droits qui vont permettre au secteur audiovisuel africain \u00e0 travers l\u2019UAR de se structurer et se renforcer pour apporter un meilleur service aux populations africaines.<br \/>\n<strong>source\/ minist\u00e8re de la communication<\/strong><\/p>\n","protected":false},"excerpt":{"rendered":"<p>C\u2019est officiel ! La Radiodiffusion T\u00e9l\u00e9vision Guin\u00e9enne (RTG) est d\u00e9sormais l\u2019unique cha\u00eene d\u00e9tentrice des droits de diffusion de la Coupe d\u2019Afrique des Nations, Egypte 2019 sur le territoire guin\u00e9en, a indiqu\u00e9 le Directeur g\u00e9n\u00e9ral de l\u2019Union Africaine de Radiodiffusions (UAR), M. Gr\u00e9goire Ndjaka, au sortir de son audience avec le ministre de l\u2019Information et de [&hellip;]<\/p>\n","protected":false},"author":2,"featured_media":4311,"comment_status":"open","ping_status":"closed","sticky":false,"template":"","format":"standard","meta":{"buzzeditor_post_format":"","footnotes":""},"categories":[1],"tags":[],"class_list":["post-4310","post","type-post","status-publish","format-standard","has-post-thumbnail","hentry","category-non-classe"],"jetpack_featured_media_url":"https:\/\/guineechrono.com\/wp-content\/uploads\/2019\/05\/RTG.jpeg","amp_enabled":true,"_links":{"self":[{"href":"https:\/\/guineechrono.com\/index.php\/wp-json\/wp\/v2\/posts\/4310","targetHints":{"allow":["GET"]}}],"collection":[{"href":"https:\/\/guineechrono.com\/index.php\/wp-json\/wp\/v2\/posts"}],"about":[{"href":"https:\/\/guineechrono.com\/index.php\/wp-json\/wp\/v2\/types\/post"}],"author":[{"embeddable":true,"href":"https:\/\/guineechrono.com\/index.php\/wp-json\/wp\/v2\/users\/2"}],"replies":[{"embeddable":true,"href":"https:\/\/guineechrono.com\/index.php\/wp-json\/wp\/v2\/comments?post=4310"}],"version-history":[{"count":0,"href":"https:\/\/guineechrono.com\/index.php\/wp-json\/wp\/v2\/posts\/4310\/revisions"}],"wp:featuredmedia":[{"embeddable":true,"href":"https:\/\/guineechrono.com\/index.php\/wp-json\/wp\/v2\/media\/4311"}],"wp:attachment":[{"href":"https:\/\/guineechrono.com\/index.php\/wp-json\/wp\/v2\/media?parent=4310"}],"wp:term":[{"taxonomy":"category","embeddable":true,"href":"https:\/\/guineechrono.com\/index.php\/wp-json\/wp\/v2\/categories?post=4310"},{"taxonomy":"post_tag","embeddable":true,"href":"https:\/\/guineechrono.com\/index.php\/wp-json\/wp\/v2\/tags?post=4310"}],"curies":[{"name":"wp","href":"https:\/\/api.w.org\/{rel}","templated":true}]}}