{"id":442,"date":"2018-04-25T15:12:28","date_gmt":"2018-04-25T14:12:28","guid":{"rendered":"http:\/\/guineechrono.com\/?p=442"},"modified":"2018-04-25T15:12:28","modified_gmt":"2018-04-25T14:12:28","slug":"culture-la-10eme-edition-des-72-heures-du-livre-est-lancee","status":"publish","type":"post","link":"https:\/\/guineechrono.com\/index.php\/culture-la-10eme-edition-des-72-heures-du-livre-est-lancee\/","title":{"rendered":"Culture : la 10\u00e8me \u00e9dition des 72 heures du livre est lanc\u00e9e"},"content":{"rendered":"<p>La maison d\u2019\u00e9dition l\u2019Harmattan Guin\u00e9e en collaboration avec l\u2019UNESCO, l\u2019OIF et le Minist\u00e8re des spots\u00a0\u00a0de la culture et du patrimoine historique, a lanc\u00e9\u00a0\u00a0ce lundi 23 avril 2018 la dixi\u00e8me \u00e9dition des 72 Heures du livre. Cette c\u00e9r\u00e9monie a \u00e9t\u00e9 pr\u00e9sid\u00e9e par le premier ministre, chef du gouvernement.<\/p>\n<p>Dans son discours, le vice-pr\u00e9sident de l\u2019association des \u00e9crivains de guin\u00e9e, Alhassane\u00a0\u00a0ch\u00e9rif a tout d\u2019abord remerci\u00e9 les invit\u00e9s venus de plusieurs pays dont le Burkina FASO, la C\u00f4te d\u2019Ivoire, du S\u00e9n\u00e9gal, de la France et d\u2019ailleurs pour marquer cet \u00e9v\u00e8nement.<\/p>\n<p>Il a ensuite\u00a0\u00a0salu\u00e9 le dynamisme et l\u2019optimisme de Sansy KABA DIAKITE. Tout en souhaitant que d\u2019autres Guin\u00e9ens empruntent le chemin de l\u2019\u00e9criture.\u00a0\u00a0\u00ab\u00a0Pour combler un vide, et de pr\u00e9ciser que pr\u00e8s de 200 \u00e9crivains sont aujourd\u2019hui r\u00e9pertori\u00e9s par l\u2019association\u00a0\u00bb dit-il.<\/p>\n<p>Pour sa part, le ministre de l\u2019Agriculture, Mariama CAMARA se r\u00e9jouit du choix des organisateurs pour avoir plac\u00e9 cette dixi\u00e8me \u00e9dition sous le signe d\u2019honneur de l\u2019agriculture, sous le th\u00e8me, \u00ab l\u2019agriculture avenir de la Guin\u00e9e \u00bb<\/p>\n<p>Selon elle, sa priorit\u00e9 et ses engagements pour ce secteur, occupent plus de 60% de la population Guin\u00e9enne. \u00ab\u00a0L\u2019agriculture fait du livre la formation, la sensibilisation un outil pour les producteurs, agriculteurs, et agricultrices, pour la valorisation des cultures de rentes dont le manioc, le fonio, le riz, qui sont des priorit\u00e9s pour son Gouvernement \u00bb d\u00e9clare-t-elle.<\/p>\n<p>Elle a enfin\u00a0\u00a0rendu un vibrant\u00a0\u00a0hommage aux \u00e9crivains Guin\u00e9ens d\u00e9c\u00e9d\u00e9s qui ont contribu\u00e9 au rayonnement de la culture Guin\u00e9enne \u00e0 travers le livre. Il s\u2019agit, de CAMARA Laye, Aliou N\u2019fantour\u00e9, Willimas SASSINE, Ahmed Tidiane CISSE, mais aussi ceux qui continuent encore a \u0153uvrer pour l\u2019\u00e9panouissement de la culture guin\u00e9enne a travers le livre.<\/p>\n<p>De son cot\u00e9, le commissaire g\u00e9n\u00e9ral de Conakry capitale mondiale du livre, Sansy KABA DIAKITE a\u00a0\u00a0rappel\u00e9 que\u00a0\u00a0les acquis de\u00a0\u00a0cet \u00e9v\u00e8nement \u00e0 l\u2019image de ses pr\u00e9d\u00e9cesseurs, a souhait\u00e9 que Conakry devienne capitale africaine du livre.<\/p>\n<p>Un message qui a trouv\u00e9 un \u00e9cho favorable aupr\u00e8s du Premier Ministre Mamady YOULA, qui entend mettre en \u0153uvre afin que cet autre r\u00eave devienne une r\u00e9alit\u00e9.<\/p>\n<p>En fin, le Chef du Gouvernement Guin\u00e9en, Mamady Youla a indiqu\u00e9\u00a0\u00a0que le choix de cette dixi\u00e8me \u00e9dition, s\u2019inscrit dans les priorit\u00e9s du Gouvernement, \u00e0 travers le d\u00e9veloppement du monde rural qui ne saurait se faire sans l\u2019agriculture.<\/p>\n<p><strong>Baga Cont\u00e9<\/strong><\/p>\n","protected":false},"excerpt":{"rendered":"<p>La maison d\u2019\u00e9dition l\u2019Harmattan Guin\u00e9e en collaboration avec l\u2019UNESCO, l\u2019OIF et le Minist\u00e8re des spots\u00a0\u00a0de la culture et du patrimoine historique, a lanc\u00e9\u00a0\u00a0ce lundi 23 avril 2018 la dixi\u00e8me \u00e9dition des 72 Heures du livre. Cette c\u00e9r\u00e9monie a \u00e9t\u00e9 pr\u00e9sid\u00e9e par le premier ministre, chef du gouvernement. Dans son discours, le vice-pr\u00e9sident de l\u2019association des [&hellip;]<\/p>\n","protected":false},"author":2,"featured_media":443,"comment_status":"open","ping_status":"closed","sticky":false,"template":"","format":"standard","meta":{"buzzeditor_post_format":"","footnotes":""},"categories":[1],"tags":[],"class_list":["post-442","post","type-post","status-publish","format-standard","has-post-thumbnail","hentry","category-non-classe"],"jetpack_featured_media_url":"https:\/\/guineechrono.com\/wp-content\/uploads\/2018\/04\/palais.jpg","amp_enabled":true,"_links":{"self":[{"href":"https:\/\/guineechrono.com\/index.php\/wp-json\/wp\/v2\/posts\/442","targetHints":{"allow":["GET"]}}],"collection":[{"href":"https:\/\/guineechrono.com\/index.php\/wp-json\/wp\/v2\/posts"}],"about":[{"href":"https:\/\/guineechrono.com\/index.php\/wp-json\/wp\/v2\/types\/post"}],"author":[{"embeddable":true,"href":"https:\/\/guineechrono.com\/index.php\/wp-json\/wp\/v2\/users\/2"}],"replies":[{"embeddable":true,"href":"https:\/\/guineechrono.com\/index.php\/wp-json\/wp\/v2\/comments?post=442"}],"version-history":[{"count":0,"href":"https:\/\/guineechrono.com\/index.php\/wp-json\/wp\/v2\/posts\/442\/revisions"}],"wp:featuredmedia":[{"embeddable":true,"href":"https:\/\/guineechrono.com\/index.php\/wp-json\/wp\/v2\/media\/443"}],"wp:attachment":[{"href":"https:\/\/guineechrono.com\/index.php\/wp-json\/wp\/v2\/media?parent=442"}],"wp:term":[{"taxonomy":"category","embeddable":true,"href":"https:\/\/guineechrono.com\/index.php\/wp-json\/wp\/v2\/categories?post=442"},{"taxonomy":"post_tag","embeddable":true,"href":"https:\/\/guineechrono.com\/index.php\/wp-json\/wp\/v2\/tags?post=442"}],"curies":[{"name":"wp","href":"https:\/\/api.w.org\/{rel}","templated":true}]}}