{"id":4425,"date":"2019-05-14T18:38:52","date_gmt":"2019-05-14T17:38:52","guid":{"rendered":"http:\/\/guineechrono.com\/?p=4425"},"modified":"2019-05-14T18:38:52","modified_gmt":"2019-05-14T17:38:52","slug":"senegal-le-poste-de-premier-ministre-officiellement-supprime","status":"publish","type":"post","link":"https:\/\/guineechrono.com\/index.php\/senegal-le-poste-de-premier-ministre-officiellement-supprime\/","title":{"rendered":"S\u00e9n\u00e9gal : le poste de Premier ministre officiellement supprim\u00e9"},"content":{"rendered":"<p><strong>Le pr\u00e9sident s\u00e9n\u00e9galais a promulgu\u00e9 mardi la loi mettant fin \u00e0 la fonction de Premier ministre dans les institutions du pays.<\/strong><\/p>\n<p>La suppression de ce poste est une initiative du chef de l&rsquo;\u00c9tat, Macky Sall.<\/p>\n<p>\u00ab\u00a0Monsieur le pr\u00e9sident de la R\u00e9publique a promulgu\u00e9 ce jour la loi constitutionnelle portant notamment sur la suppression du poste de Premier ministre\u00a0\u00bb, selon un communiqu\u00e9 de la pr\u00e9sidence du S\u00e9n\u00e9gal.<\/p>\n<p>Le 4 mai, l&rsquo;Assembl\u00e9e nationale, o\u00f9 le parti de M. Sall et ses alli\u00e9s sont majoritaires, ont adopt\u00e9, \u00e0 une tr\u00e8s large majorit\u00e9, un projet de loi qui modifie la Constitution en supprimant notamment le poste de Premier ministre.<\/p>\n<p>Les 32 ministres et trois secr\u00e9taires d&rsquo;\u00c9tat nomm\u00e9s le 6 avril sont par ailleurs tous reconduits, sans leur ancien chef Mahammed Dionne, un homme de confiance de Macky Sall.<\/p>\n<ol>\n<li>Dionne restera son bras droit en tant que secr\u00e9taire g\u00e9n\u00e9ral de la pr\u00e9sidence de la R\u00e9publique, selon le communiqu\u00e9.<\/li>\n<\/ol>\n<p>Cens\u00e9e fluidifier le fonctionnement de l&rsquo;\u00c9tat, la suppression du poste de Premier ministre \u00e9tablit un nouvel \u00e9quilibre entre les pouvoirs en renfor\u00e7ant le caract\u00e8re pr\u00e9sidentiel du r\u00e9gime s\u00e9n\u00e9galais.<\/p>\n<p>L&rsquo;opposition et des organisations de la soci\u00e9t\u00e9 civile y voient une tentative de mainmise de Macky Sall sur les principaux rouages de l&rsquo;\u00c9tat.<\/p>\n<p>Mais le pr\u00e9sident s\u00e9n\u00e9galais affirme vouloir retisser des liens avec l&rsquo;opposition et a annonc\u00e9 la relance, le 28 mai prochain, d&rsquo;un \u00ab\u00a0dialogue national\u00a0\u00bb.<\/p>\n<p>Par ailleurs, Macky Sall a nomm\u00e9 mardi \u00e0 la t\u00eate du Conseil \u00e9conomique, social et environnemental, Aminata Tour\u00e9. Cette nomination marque le retour en gr\u00e2ce de l&rsquo;ancienne Premi\u00e8re ministre \u00e9cart\u00e9e en 2014 apr\u00e8s sa d\u00e9faite aux municipales \u00e0 Dakar face \u00e0 l&rsquo;opposant Khalifa Sall.<\/p>\n<p>Le S\u00e9n\u00e9gal s&rsquo;\u00e9tait d\u00e9j\u00e0 pass\u00e9 de Premier ministre dans les ann\u00e9es 1960, sous la pr\u00e9sidence de L\u00e9opold S\u00e9dar Senghor, et au d\u00e9but des ann\u00e9es 1980, sous celle d&rsquo;Abdou Diouf.<\/p>\n<p><strong>Source bbcafrique.com<\/strong><\/p>\n","protected":false},"excerpt":{"rendered":"<p>Le pr\u00e9sident s\u00e9n\u00e9galais a promulgu\u00e9 mardi la loi mettant fin \u00e0 la fonction de Premier ministre dans les institutions du pays. La suppression de ce poste est une initiative du chef de l&rsquo;\u00c9tat, Macky Sall. \u00ab\u00a0Monsieur le pr\u00e9sident de la R\u00e9publique a promulgu\u00e9 ce jour la loi constitutionnelle portant notamment sur la suppression du poste [&hellip;]<\/p>\n","protected":false},"author":2,"featured_media":4426,"comment_status":"open","ping_status":"closed","sticky":false,"template":"","format":"standard","meta":{"buzzeditor_post_format":"","footnotes":""},"categories":[1],"tags":[],"class_list":["post-4425","post","type-post","status-publish","format-standard","has-post-thumbnail","hentry","category-non-classe"],"jetpack_featured_media_url":"https:\/\/guineechrono.com\/wp-content\/uploads\/2019\/05\/premier.jpg","amp_enabled":true,"_links":{"self":[{"href":"https:\/\/guineechrono.com\/index.php\/wp-json\/wp\/v2\/posts\/4425","targetHints":{"allow":["GET"]}}],"collection":[{"href":"https:\/\/guineechrono.com\/index.php\/wp-json\/wp\/v2\/posts"}],"about":[{"href":"https:\/\/guineechrono.com\/index.php\/wp-json\/wp\/v2\/types\/post"}],"author":[{"embeddable":true,"href":"https:\/\/guineechrono.com\/index.php\/wp-json\/wp\/v2\/users\/2"}],"replies":[{"embeddable":true,"href":"https:\/\/guineechrono.com\/index.php\/wp-json\/wp\/v2\/comments?post=4425"}],"version-history":[{"count":0,"href":"https:\/\/guineechrono.com\/index.php\/wp-json\/wp\/v2\/posts\/4425\/revisions"}],"wp:featuredmedia":[{"embeddable":true,"href":"https:\/\/guineechrono.com\/index.php\/wp-json\/wp\/v2\/media\/4426"}],"wp:attachment":[{"href":"https:\/\/guineechrono.com\/index.php\/wp-json\/wp\/v2\/media?parent=4425"}],"wp:term":[{"taxonomy":"category","embeddable":true,"href":"https:\/\/guineechrono.com\/index.php\/wp-json\/wp\/v2\/categories?post=4425"},{"taxonomy":"post_tag","embeddable":true,"href":"https:\/\/guineechrono.com\/index.php\/wp-json\/wp\/v2\/tags?post=4425"}],"curies":[{"name":"wp","href":"https:\/\/api.w.org\/{rel}","templated":true}]}}