{"id":4428,"date":"2019-05-14T19:13:04","date_gmt":"2019-05-14T18:13:04","guid":{"rendered":"http:\/\/guineechrono.com\/?p=4428"},"modified":"2020-05-19T16:33:30","modified_gmt":"2020-05-19T15:33:30","slug":"affaire-fespaco-2019-la-directrice-de-lonacig-brise-le-silence","status":"publish","type":"post","link":"https:\/\/guineechrono.com\/index.php\/affaire-fespaco-2019-la-directrice-de-lonacig-brise-le-silence\/","title":{"rendered":"Affaire FESPACO 2019 : la directrice de  l\u2019ONACIG  brise le silence"},"content":{"rendered":"<p><strong>Apr\u00e8s l\u2019accusation de Kader Yomba Cond\u00e9 relatif \u00e0 la participation\u00a0\u00a0de la Guin\u00e9e au\u00a0\u00a0FESPACO (festival panafricain du cin\u00e9ma d\u2019Ouagadougou) \u00a0sur les ondes d\u2019une radio de la place, la directrice de l\u2019office national du cin\u00e9ma et de la photo de Guin\u00e9e (ONACIG)\u00a0 a d\u00e9menti les propos de ce dernier. Elle l\u2019a fait au cours d\u2019une conf\u00e9rence de presse anim\u00e9e ce lundi 13 mai 2019 \u00e0 Conakry.<\/strong><\/p>\n<p>Selon Mariama Camara, directrice de l\u2019ONACIG, Kader a d\u00e9clar\u00e9 qu\u2019il n\u2019a re\u00e7u aucune aide des autorit\u00e9s guin\u00e9ennes. \u00ab\u00a0\u00a0<em>l\u2019ONACIG a \u00e9t\u00e9 choqu\u00e9 par les propos mensongers de Kader Yomba cond\u00e9. Vu la grossi\u00e8ret\u00e9 des mensonges et des insinuations qui peuvent en d\u00e9couler l\u2019ONACIG s\u2019inscrit\u00a0\u00a0en faux, d\u00e9nonce et condamne l\u2019attitude maladroite de M. Kader Yomba Cond\u00e9<\/em>\u00a0\u00bb, d\u00e9clare-t-elle.<\/p>\n<p>Elle a ensuite pr\u00e9cis\u00e9 que les trois films guin\u00e9ens s\u00e9lectionn\u00e9s au FESPACO 2019\u00a0\u00a0concernent un court m\u00e9trage de fiction r\u00e9alis\u00e9 par un jeune guin\u00e9en\u00a0\u00a0avec une production s\u00e9n\u00e9galaise\u00a0\u00a0\u00e0 Dakar et deux films\u00a0\u00a0d\u2019\u00e9cole produits par l\u2019institut sup\u00e9rieur des arts de Guin\u00e9e (ISAG).<\/p>\n<p>Pour la directrice de l\u2019ONACIG, le fespaco prend en charge\u00a0\u00a0les r\u00e9alisateurs\u00a0\u00a0\u00a0dont les films sont s\u00e9lectionn\u00e9s. \u00ab\u00a0C\u2019est faux et malhonn\u00eate\u00a0\u00a0de la part de Kader Yomba Cond\u00e9\u00a0\u00a0d\u2019affirmer qu\u2019il s\u2019est endett\u00e9\u00a0\u00a0pour envoyer une \u00e9quipe compos\u00e9\u00a0\u00a0\u00a0de ces jeunes cin\u00e9astes\u00a0\u00a0puisque ces derniers\u00a0\u00a0\u00e9taient d\u00e9j\u00e0 prise en charge\u00a0\u00bb, ajoute-t-elle.<\/p>\n<p>Pour finir, elle a annonc\u00e9 que <em> \u00a0<\/em>les services de l\u2019ONACIG\u00a0\u00a0ne sont\u00a0 pas concern\u00e9s par l\u2019endettement de Kader Yomba. \u00ab\u00a0Sa d\u00e9marche\u00a0\u00a0s\u2019apparente au regard de nos services \u00e0 une tentative d\u2019escroquerie\u00a0\u00bb, conclut-elle.<\/p>\n<p><strong>Camara<\/strong><\/p>\n","protected":false},"excerpt":{"rendered":"<p>Apr\u00e8s l\u2019accusation de Kader Yomba Cond\u00e9 relatif \u00e0 la participation\u00a0\u00a0de la Guin\u00e9e au\u00a0\u00a0FESPACO (festival panafricain du cin\u00e9ma d\u2019Ouagadougou) \u00a0sur les ondes d\u2019une radio de la place, la directrice de l\u2019office national du cin\u00e9ma et de la photo de Guin\u00e9e (ONACIG)\u00a0 a d\u00e9menti les propos de ce dernier. Elle l\u2019a fait au cours d\u2019une conf\u00e9rence de [&hellip;]<\/p>\n","protected":false},"author":2,"featured_media":4429,"comment_status":"open","ping_status":"closed","sticky":false,"template":"","format":"standard","meta":{"buzzeditor_post_format":"","footnotes":""},"categories":[44,1],"tags":[],"class_list":["post-4428","post","type-post","status-publish","format-standard","has-post-thumbnail","hentry","category-economie","category-non-classe"],"jetpack_featured_media_url":"https:\/\/guineechrono.com\/wp-content\/uploads\/2019\/05\/CAMARA.jpg","amp_enabled":true,"_links":{"self":[{"href":"https:\/\/guineechrono.com\/index.php\/wp-json\/wp\/v2\/posts\/4428","targetHints":{"allow":["GET"]}}],"collection":[{"href":"https:\/\/guineechrono.com\/index.php\/wp-json\/wp\/v2\/posts"}],"about":[{"href":"https:\/\/guineechrono.com\/index.php\/wp-json\/wp\/v2\/types\/post"}],"author":[{"embeddable":true,"href":"https:\/\/guineechrono.com\/index.php\/wp-json\/wp\/v2\/users\/2"}],"replies":[{"embeddable":true,"href":"https:\/\/guineechrono.com\/index.php\/wp-json\/wp\/v2\/comments?post=4428"}],"version-history":[{"count":0,"href":"https:\/\/guineechrono.com\/index.php\/wp-json\/wp\/v2\/posts\/4428\/revisions"}],"wp:featuredmedia":[{"embeddable":true,"href":"https:\/\/guineechrono.com\/index.php\/wp-json\/wp\/v2\/media\/4429"}],"wp:attachment":[{"href":"https:\/\/guineechrono.com\/index.php\/wp-json\/wp\/v2\/media?parent=4428"}],"wp:term":[{"taxonomy":"category","embeddable":true,"href":"https:\/\/guineechrono.com\/index.php\/wp-json\/wp\/v2\/categories?post=4428"},{"taxonomy":"post_tag","embeddable":true,"href":"https:\/\/guineechrono.com\/index.php\/wp-json\/wp\/v2\/tags?post=4428"}],"curies":[{"name":"wp","href":"https:\/\/api.w.org\/{rel}","templated":true}]}}