{"id":4439,"date":"2019-05-15T15:49:43","date_gmt":"2019-05-15T14:49:43","guid":{"rendered":"http:\/\/guineechrono.com\/?p=4439"},"modified":"2019-05-15T15:49:43","modified_gmt":"2019-05-15T14:49:43","slug":"politique-gaoual-repond-a-damaro-davoir-qualifie-lufdg-de-terroriste","status":"publish","type":"post","link":"https:\/\/guineechrono.com\/index.php\/politique-gaoual-repond-a-damaro-davoir-qualifie-lufdg-de-terroriste\/","title":{"rendered":"Politique : Gaoual r\u00e9pond \u00e0 Damaro d\u2019avoir qualifi\u00e9 l\u2019UFDG de terroriste"},"content":{"rendered":"<p><strong>Apr\u00e8s la sorti m\u00e9diatique de l\u2019honorable Amadou Damaro Camara qualifiant l\u2019UFDG d\u2019une institution terroriste, il ya de cela 24 heures, la r\u00e9ponse n\u2019a pas tard\u00e9 \u00e0 venir. Ce mercredi 15 mai 2019, le d\u00e9put\u00e9 de Gaoual a r\u00e9pondu s\u00e9v\u00e8rement \u00e0 ce lui qu\u2019on appelle pr\u00e9sident de la majorit\u00e9 pr\u00e9sidentielle \u00e0 l\u2019Assembl\u00e9e Nationale.<\/strong><\/p>\n<p>Selon honorable Ousmane Gaoual Diallo, pour parler amadou Damaro il faut d\u2019abord situer le monsieur dans l\u2019histoire de la guin\u00e9e en 1985. \u00a0\u00ab\u00a0la trahison qu\u2019il a fait par rapport au coup Kandja ,d\u2019abord c\u2019est pas lui qui portait la cassette , c\u2019est un Aly Savia Kouyat\u00e9 qui devait port\u00e9 la message de putschistes de 1985 a la radio. Damaro s\u2019est pr\u00e9cipit\u00e9 pour aller port\u00e9 avec colonel Diakit\u00e9 a l\u2019\u00e9poque le message \u00e0 la RTG. Ensuite les arrestations qui en ont suivit, tous ceux qui ont v\u00e9cu cette \u00e9poque l\u00e0, il ya encore certains qui vivent. Sauf lui, il s\u2019en est tir\u00e9 avec une maison aux Etats Unis, avec une exile dor\u00e9. On sait ce qui sait passer ici\u00a0\u00bb, rappelle-t-il.<\/p>\n<p>Poursuivant, le d\u00e9put\u00e9 uninominal de Gaoual s\u2019interroge. \u00ab\u00a0est-ce que ces personnages l\u00e0 qui militent dans un parti dont le pr\u00e9sident qui est aujourd\u2019hui le chef de l\u2019Etat a \u00e9t\u00e9 condamn\u00e9 dans notre pays pour atteinte \u00e0 la s\u00fbret\u00e9 de l\u2019Etat et pour r\u00e9bellion et dont les anciens rebelles viennent \u00e0 l\u2019assembl\u00e9e g\u00e9n\u00e9rale pour revendiquer leur participation \u00e0 la r\u00e9bellion et \u00e0 l\u2019assassina de certains officiers comme Panival\u00a0?\u00bb<\/p>\n<p>Pour Ousmane Gaoual, Damaro n\u2019est le plus qualifi\u00e9 pour traiter l\u2019UFDG d\u2019une institution terroriste. \u00ab\u00a0Alors il ya des choses plus grave que cette d\u2019aujourd\u2019hui, moi j\u2019\u00e9coute Alpha Cond\u00e9, j\u2019\u00e9coute tous les politiciens qui parlent, il ya une vid\u00e9o c\u00e9l\u00e8bre de lui qui dit que quand on a \u00e9t\u00e9 victime de fraude \u00e0 r\u00e9p\u00e9tition, on n\u2019a pas choix de faire un coup d\u2019Etat\u00a0\u00bb.<\/p>\n<p>Pour finir, le d\u00e9put\u00e9 de l\u2019UFDG a dit ceci, \u00ab\u00a0je pense que Damaro devrait se regarder dans un miroir, regarder dans son parti avant de commencer \u00e0 accuser l\u2019UFDG\u00a0\u00bb, a-t-il conclut.<\/p>\n<p><strong>Camara Aboubacar<\/strong><\/p>\n","protected":false},"excerpt":{"rendered":"<p>Apr\u00e8s la sorti m\u00e9diatique de l\u2019honorable Amadou Damaro Camara qualifiant l\u2019UFDG d\u2019une institution terroriste, il ya de cela 24 heures, la r\u00e9ponse n\u2019a pas tard\u00e9 \u00e0 venir. Ce mercredi 15 mai 2019, le d\u00e9put\u00e9 de Gaoual a r\u00e9pondu s\u00e9v\u00e8rement \u00e0 ce lui qu\u2019on appelle pr\u00e9sident de la majorit\u00e9 pr\u00e9sidentielle \u00e0 l\u2019Assembl\u00e9e Nationale. Selon honorable Ousmane [&hellip;]<\/p>\n","protected":false},"author":2,"featured_media":4443,"comment_status":"open","ping_status":"closed","sticky":false,"template":"","format":"standard","meta":{"buzzeditor_post_format":"","footnotes":""},"categories":[1],"tags":[],"class_list":["post-4439","post","type-post","status-publish","format-standard","has-post-thumbnail","hentry","category-non-classe"],"jetpack_featured_media_url":"https:\/\/guineechrono.com\/wp-content\/uploads\/2019\/05\/gaoual2.png","amp_enabled":true,"_links":{"self":[{"href":"https:\/\/guineechrono.com\/index.php\/wp-json\/wp\/v2\/posts\/4439","targetHints":{"allow":["GET"]}}],"collection":[{"href":"https:\/\/guineechrono.com\/index.php\/wp-json\/wp\/v2\/posts"}],"about":[{"href":"https:\/\/guineechrono.com\/index.php\/wp-json\/wp\/v2\/types\/post"}],"author":[{"embeddable":true,"href":"https:\/\/guineechrono.com\/index.php\/wp-json\/wp\/v2\/users\/2"}],"replies":[{"embeddable":true,"href":"https:\/\/guineechrono.com\/index.php\/wp-json\/wp\/v2\/comments?post=4439"}],"version-history":[{"count":0,"href":"https:\/\/guineechrono.com\/index.php\/wp-json\/wp\/v2\/posts\/4439\/revisions"}],"wp:featuredmedia":[{"embeddable":true,"href":"https:\/\/guineechrono.com\/index.php\/wp-json\/wp\/v2\/media\/4443"}],"wp:attachment":[{"href":"https:\/\/guineechrono.com\/index.php\/wp-json\/wp\/v2\/media?parent=4439"}],"wp:term":[{"taxonomy":"category","embeddable":true,"href":"https:\/\/guineechrono.com\/index.php\/wp-json\/wp\/v2\/categories?post=4439"},{"taxonomy":"post_tag","embeddable":true,"href":"https:\/\/guineechrono.com\/index.php\/wp-json\/wp\/v2\/tags?post=4439"}],"curies":[{"name":"wp","href":"https:\/\/api.w.org\/{rel}","templated":true}]}}