{"id":4477,"date":"2019-05-17T07:58:31","date_gmt":"2019-05-17T06:58:31","guid":{"rendered":"http:\/\/guineechrono.com\/?p=4477"},"modified":"2019-05-17T07:58:31","modified_gmt":"2019-05-17T06:58:31","slug":"guinee-voici-le-compte-rendu-du-conseil-des-ministres-de-ce-jeudi-16-mai-2019","status":"publish","type":"post","link":"https:\/\/guineechrono.com\/index.php\/guinee-voici-le-compte-rendu-du-conseil-des-ministres-de-ce-jeudi-16-mai-2019\/","title":{"rendered":"Guin\u00e9e : voici le compte-rendu du conseil des ministres de ce jeudi 16 Mai 2019"},"content":{"rendered":"<p>Sous la pr\u00e9sidence de son Excellence Monsieur le Pr\u00e9sident de la R\u00e9publique, le Conseil des Ministres a tenu sa session ordinaire ce jeudi, 16 Mai 2019, de 10h \u00e0 12h, selon l\u2019ordre du Jour suivant :<\/p>\n<ol>\n<li><strong> MESSAGE DE SON EXCELLENCE MONSIEUR LE PRESIDENT DE LA REPUBLIQUE<\/strong><\/li>\n<li><strong> COMPTE RENDU DES SESSIONS ORDINAIRES DU CONSEIL INTERMINISTERIEL DU 30 AVRIL DU 7 MAI ET DU 14 MAI 2019<\/strong><\/li>\n<\/ol>\n<p><strong>III. QUESTIONS DIVERSES<\/strong><\/p>\n<p><strong>Au titre du premier point de l\u2019ordre du jour<\/strong><\/p>\n<p>Le Chef de l\u2019Etat a adress\u00e9 en son nom et en celui de l\u2019ensemble du Gouvernement ses vives f\u00e9licitations et ses encouragements \u00e0 l\u2019\u00e9quipe nationale cadette, finaliste de la CAN U17 qui a remport\u00e9 la M\u00e9daille d\u2019argent en Tanzanie. Ses f\u00e9licitations ont \u00e9galement \u00e9t\u00e9 adress\u00e9es \u00e0 l\u2019encadrement sportif et aux autorit\u00e9s du Minist\u00e8re des Sports, de la Culture et du Patrimoine Historique<\/p>\n<p>Le Pr\u00e9sident de la R\u00e9publique a confirm\u00e9 ses instructions relatives \u00e0 la r\u00e9alisation d\u2019un audit complet du secteur \u00e9nerg\u00e9tique afin d\u2019en \u00e9tablir un diagnostic d\u00e9taill\u00e9 et d\u00e9finir les grands axes strat\u00e9giques de d\u00e9veloppement de ce secteur<\/p>\n<p>Le Pr\u00e9sident a donn\u00e9 des directives aux d\u00e9partements financiers (Minist\u00e8re de l\u2019Economie et des Finances, Minist\u00e8re du Budget et Banque Centrale de la R\u00e9publique de Guin\u00e9e) en vue de la priorisation, dans l\u2019ex\u00e9cution des d\u00e9penses publiques, des secteurs sociaux afin de leur permettre d\u2019impacter positivement et rapidement sur les conditions de vie de la majorit\u00e9 des citoyens<\/p>\n<p>Le Chef de l\u2019Etat a instruit les Ministres en charge des Transports et du Budget de diligenter les op\u00e9rations de mise en place de la compagnie de transport a\u00e9rien de droit guin\u00e9en Guin\u00e9e Airlines en proc\u00e9dant, notamment, \u00e0 la lib\u00e9ration de la quote-part de l\u2019Etat dans le capital de cette Soci\u00e9t\u00e9 en voie de constitution<\/p>\n<p>Appr\u00e9ciant les progr\u00e8s d\u00e9j\u00e0 accomplis dans ce domaine, le Pr\u00e9sident de la R\u00e9publique a instruit les d\u00e9partements concern\u00e9s de concevoir et de mettre en \u0153uvre un programme de r\u00e9duction de l\u2019inflation pour la ramener \u00e0 un niveau encore plus bas que celui atteint ces derni\u00e8res ann\u00e9es dans le but de pr\u00e9server le pouvoir d\u2019achat des consommateurs guin\u00e9ens<\/p>\n<p>Le Chef de l\u2019Etat a rappel\u00e9 aux Ministres en charge du Budget et des Finances l\u2019urgence de la mise en ex\u00e9cution des textes d\u2019application du Code des March\u00e9s publics afin de permettre l\u2019application des nouvelles proc\u00e9dures de passation des march\u00e9s publics<\/p>\n<p><strong>Au titre du deuxi\u00e8me point de l\u2019ordre du jour, Monsieur le Premier Ministre a fait le compte rendu des sessions ordinaires du Conseil Interminist\u00e9riel tenues les 30 avril, 7 mai et 14 mai 2019.<\/strong><\/p>\n<p>Le Conseil a entendu successivement<\/p>\n<p><strong>Le Ministre de l\u2019environnement et des Eaux et For\u00eats qui a soumis pour examen le projet de Loi portant nouveau Code de l\u2019Environnement<\/strong><\/p>\n<p>Le Ministre a indiqu\u00e9 que l\u2019objectif de la r\u00e9actualisation du\u00a0Code de l\u2019environnement est d\u2019\u00e9tablir les principes fondamentaux destin\u00e9s \u00e0 promouvoir le d\u00e9veloppement durable, g\u00e9rer et prot\u00e9ger l\u2019environnement\u00a0et le capital naturelcontre toute forme de d\u00e9gradation.<\/p>\n<p>Le Ministre a pr\u00e9cis\u00e9 que les limites constat\u00e9es du Code en cours datant de 1987 sont corrig\u00e9es dans le pr\u00e9sent Code et concernent entre autres :<\/p>\n<p>Les principes de territorialit\u00e9, de pr\u00e9caution, de non-r\u00e9gression ;<br \/>\nLa prise en compte du transfert des comp\u00e9tences environnementales aux collectivit\u00e9s locales, comme pr\u00e9vu par le Code des collectivit\u00e9s locales ;<br \/>\nL\u2019int\u00e9gration des nouveaux enjeux mondiaux tels que les changements climatiques, la bios\u00e9curit\u00e9, les \u00e9nergies renouvelables, l\u2019efficacit\u00e9 \u00e9nerg\u00e9tique et l\u2019\u00e9conomie verte ;<\/p>\n<p>Le renforcement de certaines sanctions.<\/p>\n<p>Il a indiqu\u00e9 que la nouvelle mouture du Code de l\u2019Environnement prend en compte les Objectifs du D\u00e9veloppement Durable, les principes environnementaux en vigueur \u00e0 l\u2019Union Africaine et \u00e0 la CEDEAO, les directives des Organismes des bassins fluviaux dont la Guin\u00e9e est membre actif.<\/p>\n<p>Le Ministre a rappel\u00e9 que les droits coutumiers et les pratiques traditionnelles, le genre, l\u2019\u00e9cotourisme, la transition vers l\u2019\u00e9conomie circulaire et le capital naturel, ont \u00e9t\u00e9 \u00e9galement prise en compte.<\/p>\n<p><strong>Au terme de l\u2019expos\u00e9,<\/strong>\u00a0le Conseil a adopt\u00e9 le projet de Loi portant Code de l\u2019Environnement.<\/p>\n<p><strong>La Ministre de l\u2019Action Sociale, de la Promotion F\u00e9minine et de l\u2019Enfance qui a soumis pour examen, en seconde lecture, deux projets de Lois :<\/strong><\/p>\n<p><strong>Le premier portant sur la Mutualit\u00e9 Sociale en R\u00e9publique de Guin\u00e9e.<\/strong><\/p>\n<p>Elle a rappel\u00e9 que depuis 2017, la Guin\u00e9e dispose d\u2019une politique nationale de protection sociale. Celle-ci met l\u2019accent sur la n\u00e9cessit\u00e9 d\u2019en diversifier les outils, dont les mutuelles sociales.<\/p>\n<p>La Ministre a soulign\u00e9 que de nos jours, il y a une n\u00e9cessit\u00e9 d\u2019harmoniser la l\u00e9gislation nationale en mati\u00e8re de Mutualit\u00e9 Sociale avec celles des pays de la CEDEAO et de l\u2019Union Africaine en vue d\u2019am\u00e9liorer le taux de couverture sociale des populations.<\/p>\n<p>Les mutuelles servent \u00e0 assurer\u00a0:<\/p>\n<p>La pr\u00e9vention des risques sociaux li\u00e9s \u00e0 la personne et la r\u00e9paration de leurs cons\u00e9quences\u00a0;<br \/>\nLa protection de l\u2019enfance, de la famille, des personnes \u00e2g\u00e9es ou handicap\u00e9es\u00a0;<br \/>\nLe d\u00e9veloppement culturel, moral, intellectuel et physique de leurs membres et l\u2019am\u00e9lioration de leurs conditions de vie.<\/p>\n<p>Elle a pr\u00e9cis\u00e9 que le pr\u00e9sent projet de loi fixe les principes fondamentaux r\u00e9gissant la mutualit\u00e9 sociale en R\u00e9publique de Guin\u00e9e.<\/p>\n<p><strong>Au terme des d\u00e9bats,\u00a0<\/strong>le Conseil a adopt\u00e9 le projet de Loi tout en demandant l\u2019\u00e9laboration de ses textes d\u2019application dans de brefs d\u00e9lais<\/p>\n<p><strong>\u00b0 Le second portant sur la Promotion et la Protection des droits des personnes atteintes d\u2019albinisme en R\u00e9publique de Guin\u00e9e.<\/strong><\/p>\n<p>La ministre a indiqu\u00e9 que certains pr\u00e9jug\u00e9s sociaux emp\u00eachent les personnes souffrant d\u2019albinisme d\u2019acc\u00e9der facilement \u00e0 des soins de sant\u00e9 adapt\u00e9s, aux services sociaux, \u00e0 une protection juridique et \u00e0 la r\u00e9paration en cas de violation de leurs droits.<\/p>\n<p>La Ministre a soutenu que face \u00e0 cette situation, le Minist\u00e8re en charge de l\u2019Action Sociale en collaboration avec de nombreux autres acteurs, ont entrepris plusieurs activit\u00e9s en faveur des victimes. Ces multiples efforts semblent insuffisants face aux besoins exprim\u00e9s et \u00e0 l\u2019absence d\u2019un cadre juridique appropri\u00e9.<\/p>\n<p>D\u2019o\u00f9 le pr\u00e9sent projet de loi qui vise \u00e0 garantir l\u2019inclusion, l\u2019\u00e9galit\u00e9 des chances en faveur des personnes atteintes d\u2019albinisme, la protection et la promotion de leurs droits contre toutes formes de discrimination et de stigmatisation.<\/p>\n<p><strong>Au terme des d\u00e9bats,\u00a0<\/strong>le Conseil a d\u00e9cid\u00e9 de l\u2019approbation du projet de Loi et recommand\u00e9 l\u2019\u00e9laboration dans les meilleurs d\u00e9lais de ses textes d\u2019application<\/p>\n<p><strong>Le Ministre de l\u2019Enseignement Technique, de la Formation Professionnelle et de l\u2019Emploi qui a fait une communication relative aux pr\u00e9paratifs de la 108<sup>\u00e8me<\/sup>\u00a0session de la Conf\u00e9rence Internationale du Travail (CIT), du 10 au 21 Juin 2019 \u00e0 Gen\u00e8ve (Suisse).<\/strong><\/p>\n<p>Il a indiqu\u00e9 que dans le cadre des pr\u00e9paratifs de la 108<sup>\u00e8me<\/sup>\u00a0session de la Conf\u00e9rence Internationale du Travail (CIT), chaque pays membre a \u00e9t\u00e9 invit\u00e9 \u00e0 organiser des dialogues tripartites nationaux sur le rapport de la commission mondiale sur l\u2019avenir du travail, avant son adoption par la conf\u00e9rence pr\u00e9vue du 10 au 21 Juin 2019 \u00e0 Gen\u00e8ve (Suisse).<\/p>\n<p>Le Ministre a annonc\u00e9 que c\u2019est dans cette perspective que le D\u00e9partement en charge du Travail a initi\u00e9 depuis plusieurs semaines des s\u00e9ries de rencontres avec l\u2019ensemble des partenaires sociaux (Syndicat, Patronats) avec pour philosophie, une d\u00e9marche inclusive.<\/p>\n<p>Il a enfin inform\u00e9 de la solennit\u00e9 de cet \u00e9v\u00e8nement plan\u00e9taire, en raison du caract\u00e8re exceptionnel de cette session 2019 qui co\u00efncide avec la c\u00e9l\u00e9bration du centenaire de l\u2019OIT \u00e0 laquelle plusieurs Chefs d\u2019Etat prendront part.<\/p>\n<p>Le Conseil a soutenu la participation de notre pays \u00e0 cette session de la Conf\u00e9rence Internationale du Travail (CIT)<\/p>\n<p><strong>Le Ministre de l\u2019Economie et des Finances a soumis pour examen en seconde lecture le projet de D\u00e9cret portant R\u00e9gime Juridique des Comptables Publics.<\/strong><\/p>\n<p>Il a soulign\u00e9 qu\u2019\u00e0 date, le r\u00e9gime juridique des comptables publics n\u2019a pas encore fait l\u2019objet d\u2019une initiative gouvernementale en mati\u00e8re r\u00e8glementaire en d\u00e9pit des lourdes responsabilit\u00e9s qui caract\u00e9risent l\u2019exercice de la fonction de comptable public.<\/p>\n<p>Le Ministre a expliqu\u00e9 que la fonction comptable est fragilis\u00e9e en raison du d\u00e9faut de prestation de serment devant la Cour des Comptes et la constitution des cautions avant l\u2019exercice de la profession.<\/p>\n<p>Il a soutenu que pour corriger et combler le vide, la\u00a0Loi Organique Relative aux Lois de Finances de 2012 et\u00a0le R\u00e8glement G\u00e9n\u00e9ral sur la Gestion Budg\u00e9taire et la Comptabilit\u00e9 Publique du 15 janvier 2013 ont rappel\u00e9, dans le cadre des r\u00e9formes et de la modernisation de la gestion publique, les responsabilit\u00e9s des comptables publics et les sanctions qu\u2019ils encourent dans l\u2019exercice de leurs missions.<\/p>\n<p><strong>Le Ministre de l\u2019Enseignement Technique, de la Formation Professionnelle et de l\u2019Emploi qui a fait une communication relative aux pr\u00e9paratifs de la 108<sup>\u00e8me<\/sup>\u00a0session de la Conf\u00e9rence Internationale du Travail (CIT), du 10 au 21 Juin 2019 \u00e0 Gen\u00e8ve (Suisse).<\/strong><\/p>\n<p>Il a indiqu\u00e9 que dans le cadre des pr\u00e9paratifs de la 108<sup>\u00e8me<\/sup>\u00a0session de la Conf\u00e9rence Internationale du Travail (CIT), chaque pays membre a \u00e9t\u00e9 invit\u00e9 \u00e0 organiser des dialogues tripartites nationaux sur le rapport de la commission mondiale sur l\u2019avenir du travail, avant son adoption par la conf\u00e9rence pr\u00e9vue du 10 au 21 Juin 2019 \u00e0 Gen\u00e8ve (Suisse).<\/p>\n<p>Le Ministre a annonc\u00e9 que c\u2019est dans cette perspective que le D\u00e9partement en charge du Travail a initi\u00e9 depuis plusieurs semaines des s\u00e9ries de rencontres avec l\u2019ensemble des partenaires sociaux (Syndicat, Patronats) avec pour philosophie, une d\u00e9marche inclusive.<\/p>\n<p>Il a enfin inform\u00e9 de la solennit\u00e9 de cet \u00e9v\u00e8nement plan\u00e9taire, en raison du caract\u00e8re exceptionnel de cette session 2019 qui co\u00efncide avec la c\u00e9l\u00e9bration du centenaire de l\u2019OIT \u00e0 laquelle plusieurs Chefs d\u2019Etat prendront part.<\/p>\n<p>Le Conseil a soutenu la participation de notre pays \u00e0 cette session de la Conf\u00e9rence Internationale du Travail (CIT)<\/p>\n<p><strong>Le Ministre de l\u2019Economie et des Finances a soumis pour examen en seconde lecture le projet de D\u00e9cret portant R\u00e9gime Juridique des Comptables Publics.<\/strong><\/p>\n<p>Il a soulign\u00e9 qu\u2019\u00e0 date, le r\u00e9gime juridique des comptables publics n\u2019a pas encore fait l\u2019objet d\u2019une initiative gouvernementale en mati\u00e8re r\u00e8glementaire en d\u00e9pit des lourdes responsabilit\u00e9s qui caract\u00e9risent l\u2019exercice de la fonction de comptable public.<\/p>\n<p>Le Ministre a expliqu\u00e9 que la fonction comptable est fragilis\u00e9e en raison du d\u00e9faut de prestation de serment devant la Cour des Comptes et la constitution des cautions avant l\u2019exercice de la profession.<\/p>\n<p>Il a soutenu que pour corriger et combler le vide, la\u00a0Loi Organique Relative aux Lois de Finances de 2012 et\u00a0le R\u00e8glement G\u00e9n\u00e9ral sur la Gestion Budg\u00e9taire et la Comptabilit\u00e9 Publique du 15 janvier 2013 ont rappel\u00e9, dans le cadre des r\u00e9formes et de la modernisation de la gestion publique, les responsabilit\u00e9s des comptables publics et les sanctions qu\u2019ils encourent dans l\u2019exercice de leurs missions.<\/p>\n<p>Le Ministre a d\u00e9clar\u00e9 que le pr\u00e9sent r\u00e9gime juridique prend en compte aussi bien les dispositions l\u00e9gislatives et r\u00e9glementaires encadrant la gestion publique en Guin\u00e9e que les bonnes pratiques des pays disposant d\u00e9j\u00e0 de r\u00e9gimes juridiques.<\/p>\n<p><strong>Au terme des d\u00e9bats,\u00a0<\/strong>le Conseil a adopt\u00e9 le projet de D\u00e9cret portant R\u00e9gime juridique des comptables publics<\/p>\n<p><strong>Le Ministre des Transports a soumis pour examen deux projets de D\u00e9crets\u00a0:<\/strong><\/p>\n<p><strong>\u00b0 Le premier fixant les Statuts de l\u2019Office Guin\u00e9en des Chargeurs.<\/strong><\/p>\n<p>Il a indiqu\u00e9 que conform\u00e9ment aux Conseils des Chargeurs en Afrique, le Conseil Guin\u00e9en des Chargeurs (CGC) a pour objet de contribuer \u00e0 la promotion du commerce ext\u00e9rieur de la Guin\u00e9e en apportant toutes les facilitations et assistance multiformes aux chargeurs dans l\u2019accomplissement de leurs missions.<\/p>\n<p>Le Ministre a expliqu\u00e9 que la mission essentielle du Conseil des Chargeurs se r\u00e9sume comme suit\u00a0:<\/p>\n<p>La repr\u00e9sentation \u00e9quitable et la d\u00e9fense des int\u00e9r\u00eats des chargeurs\u00a0publics et priv\u00e9s\u00a0;<br \/>\nLes relations avec les intervenants dans la cha\u00eene des transports\u00a0;<br \/>\nLa facilitation du suivi des marchandises\u00a0;<\/p>\n<p>La gestion d\u2019une banque de donn\u00e9es sur les transports internationaux et nationaux\u00a0;<br \/>\nLa mise en place des infrastructures de transport\u00a0;<\/p>\n<p>La promotion de la comp\u00e9titivit\u00e9 des exportations gr\u00e2ce \u00e0 des initiatives visant \u00e0 am\u00e9liorer la cha\u00eene de transport\u00a0;<\/p>\n<p>La tenue des statistiques fiables dans le domaine des importations et exportations.<\/p>\n<p>Le Ministre a \u00e9galement indiqu\u00e9 que les recettes de l\u2019\u00e9mission du Bordereau Electronique de Suivi des Cargaisons (BESC) constituent la principale ressource financi\u00e8re d\u2019un Conseil des Chargeurs.<\/p>\n<p>\u00b0\u00a0<strong>Le second projet de D\u00e9cret fixant les Statuts de l\u2019Agence de la Navigation A\u00e9rienne (ANA).<\/strong><\/p>\n<p>Le Ministre a inform\u00e9 que depuis environ deux (2) d\u00e9cennies, les Directions de l\u2019Aviation Civile rencontrent de nombreux probl\u00e8mes pour la mise en \u0153uvre des recommandations des audits de supervision de la s\u00e9curit\u00e9 de l\u2019OACI, relay\u00e9e par les Organismes R\u00e9gionaux s\u2019occupant de l\u2019Aviation Civile.<\/p>\n<p>Le Ministre a pr\u00e9cis\u00e9 que l\u2019ANA a pour mission d\u2019assurer la s\u00e9curit\u00e9, la r\u00e9gularit\u00e9 et l\u2019efficacit\u00e9 de la circulation a\u00e9rienne ainsi que la gestion et l\u2019exploitation des a\u00e9rodromes domestiques, en R\u00e9publique de Guin\u00e9e.<\/p>\n<p>Dans son fonctionnement actuel et cela conform\u00e9ment \u00e0 ses statuts, l\u2019ANA n\u2019est pas soumise au r\u00e8glement g\u00e9n\u00e9ral de la comptabilit\u00e9 publique. Sa comptabilit\u00e9 est cependant tenue selon les usages commerciaux conform\u00e9ment aux r\u00e8gles du syst\u00e8me comptable OHADA (SYSCOHADA).<\/p>\n<p>Le Ministre a not\u00e9 que la principale ressource financi\u00e8re de l\u2019ANA est la redevance terminale. Elle repr\u00e9sente plus de 95% de ses revenus. Quant \u00e0 la subvention d\u2019\u00e9quilibre, per\u00e7ue du Budget National de D\u00e9veloppement (BND), elle repr\u00e9sente \u00e0 peine 3% du chiffre d\u2019affaires annuel de l\u2019Agence.<\/p>\n<p>Il a expliqu\u00e9 que face \u00e0 cette situation, il \u00e9tait n\u00e9cessaire de proc\u00e9der \u00e0 la mise en conformit\u00e9 des statuts de l\u2019ANA au regard du cadre l\u00e9gal et r\u00e8glementaire r\u00e9gissant l\u2019organisation et le fonctionnement des Organismes publics en R\u00e9publique de Guin\u00e9e.<\/p>\n<p>C\u2019est en ex\u00e9cution de cet imp\u00e9ratif, que ce pr\u00e9sent projet de statuts harmonis\u00e9s a \u00e9t\u00e9 \u00e9labor\u00e9 conform\u00e9ment aux dispositions de la loi L\/2017\/056\/AN du 08 D\u00e9cembre 2017, portant Gouvernance Financi\u00e8re des Etablissements et Soci\u00e9t\u00e9s Publics.<\/p>\n<p><strong>Au terme des d\u00e9bats,<\/strong>\u00a0le conseil a adopt\u00e9 les deux projets de D\u00e9crets fixant les Statuts du Conseil Guin\u00e9en des Chargeurs (CGC) et de l\u2019Agence de Navigation A\u00e9rienne (ANA).<\/p>\n<p><strong>Le Minist\u00e8re de l\u2019Hydraulique et de l\u2019Assainissement a fait une communication relative au Rapport d\u2019\u00e9tape sur l\u2019avancement des op\u00e9rations d\u2019assainissement de la Ville de Conakry.<\/strong><\/p>\n<p>Le Ministre a inform\u00e9 que dans le cadre de la mise en \u0153uvre de la strat\u00e9gie de professionnalisation des d\u00e9chets, un appel d\u2019offre international a permis de recruter deux (2) op\u00e9rateurs charg\u00e9es d\u2019une part de la pr\u00e9-collecte jusqu\u2019au transfert des d\u00e9chets sur le site final de la mini\u00e8re, d\u2019autre part de l\u2019exploitation de la d\u00e9charge de la Mini\u00e8re.<\/p>\n<p>Il a annonc\u00e9 que face au constat actuel de la salubrit\u00e9 de la ville de Conakry, le D\u00e9partement en charge de l\u2019Assainissement est en manque d\u2019\u00e9quipements divers dont l\u2019acquisition est n\u00e9cessaire<\/p>\n<p>Le Ministre a affirm\u00e9 que la mobilisation de ces besoins vise \u00e0 :<\/p>\n<p>\u00c9liminer l\u2019ensemble des d\u00e9p\u00f4ts sauvages dans les 5 communes ;<br \/>\nProc\u00e9der aux curages des caniveaux et \u00e0 l\u2019enl\u00e8vement des produits de curages ;<br \/>\nMettre en place l\u2019\u00e9quipe de balayage sur les principaux axes routiers des 4 autres communes ;<br \/>\nMobiliser 24H\/24 le parc automobile pour le transport des d\u00e9chets solides ;<br \/>\nMettre en place une brigade de contr\u00f4le des lieux assainis.<\/p>\n<p>Il a inform\u00e9 que pour l\u2019atteinte de ces objectifs, un programme int\u00e9rimaire d\u2019assainissement int\u00e9gr\u00e9 de la ville de Conakry sur une dur\u00e9e de six (6) mois allant de Mai \u00e0 Octobre 2019 a \u00e9t\u00e9 \u00e9labor\u00e9 et budg\u00e9tis\u00e9 par son D\u00e9partement<\/p>\n<p>Le Ministre a sollicit\u00e9 l\u2019accord du Gouvernement pour engager dans les meilleurs d\u00e9lais, des actions visant la mise en place d\u2019un fonds destin\u00e9 \u00e0 p\u00e9renniser le financement de la gestion des d\u00e9chets solides pour la ville de Conakry et celles de l\u2019int\u00e9rieur du pays.<\/p>\n<p><strong>Au terme de l\u2019expos\u00e9,\u00a0<\/strong>le Conseil a donn\u00e9 son soutien au Ministre et convoqu\u00e9 une r\u00e9union du Comit\u00e9 de Pilotage sur la professionnalisation des D\u00e9chets solides avec les Ministres en charge de l\u2019Assainissement, du Plan, de la Coop\u00e9ration et de l\u2019Administration du Territoire<\/p>\n<p><strong>Le Ministre de l\u2019Economie et des Finances a fait une communication relative \u00e0 la tenue des r\u00e9unions statutaires de la Zone Mon\u00e9taire de l\u2019Afrique de l\u2019Ouest (ZMAO), du 25 juillet au 02 ao\u00fbt 2019, \u00e0 Conakry.<\/strong><\/p>\n<p>Il a soulign\u00e9 que les r\u00e9unions statutaires tournantes dans les pays membres examinent principalement l\u2019\u00e9tat de mise en \u0153uvre et les r\u00e9sultats du Programme de Coop\u00e9ration Mon\u00e9taire de la CEDEAO (PCM), adopt\u00e9 en 1987 et d\u00e9clin\u00e9 en \u00ab\u00a0Feuille de route du programme de monnaie unique\u00a0\u00bb en 2009. Elles appr\u00e9cient \u00e9galement, la stabilit\u00e9 des secteurs financiers, les syst\u00e8mes de paiement de la zone et les taux de change.<\/p>\n<p>Le Ministre a pr\u00e9cis\u00e9 que les participants aux r\u00e9unions statutaires sont des cadres des minist\u00e8res en charge des questions \u00e9conomiques, de l\u2019int\u00e9gration et du commerce des pays membres ainsi que des Banques Centrales de ces pays. Au moins 150 d\u00e9l\u00e9gations repr\u00e9senteront les pays et institutions de la sous-r\u00e9gion \u00e0 l\u2019\u00e9v\u00e9nement.<\/p>\n<p>Il a indiqu\u00e9 que les rencontres se d\u00e9rouleront chronologiquement en trois phases\u00a0: le Comit\u00e9 technique des experts, le Comit\u00e9 des Gouverneurs des Banques Centrales et le conseil de Convergence qui est une r\u00e9union Minist\u00e9rielle. Ses rencontres sont pr\u00e9sid\u00e9es par le pays h\u00f4te.<\/p>\n<p>Les r\u00e9unions de la ZMAO seront pr\u00e9c\u00e9d\u00e9es de celles de l\u2019Agence Mon\u00e9taire de l\u2019Afrique de l\u2019Ouest (AMAO) et du WAIFEM.<\/p>\n<p><strong>Au terme de l\u2019expos\u00e9,\u00a0<\/strong>le Conseil a donn\u00e9 son soutien au Ministre de l\u2019Economie et des Finances et au Gouverneur de la Banque centrale pour la tenue des r\u00e9unions statutaires de la ZMAO \u00e0 Conakry, du 25 juillet au 2 Ao\u00fbt 2019.<\/p>\n<p><strong>Le Ministre de l\u2019Energie a fait une communication relative \u00e0\u00a0l\u2019Accord de financement entre la R\u00e9publique de Guin\u00e9e et l\u2019Association Internationale de D\u00e9veloppement (IDA) et la Convention de cr\u00e9dit entre la R\u00e9publique de Guin\u00e9e et l\u2019Agence Fran\u00e7aise de D\u00e9veloppement (AFD), relatifs au financement du \u00ab\u00a0Projet d\u2019Am\u00e9lioration de l\u2019Acc\u00e8s \u00e0 l\u2019Electricit\u00e9 en Guin\u00e9e (PAEEG)\u00a0\u00bb.<\/strong><\/p>\n<p>Il a rappel\u00e9 qu\u2019en plus du PNDES qui couvre tous les secteurs cl\u00e9s de l\u2019\u00e9conomie guin\u00e9enne, un prospectus d\u2019investissement a \u00e9t\u00e9 \u00e9labor\u00e9 pour l\u2019acc\u00e8s \u00e0 l\u2019\u00e9lectricit\u00e9 2016-2020, visant \u00e0 doubler le taux d\u2019acc\u00e8s \u00e0 l\u2019\u00e9lectricit\u00e9 de 18% actuellement, \u00e0 36% durant les cinq prochaines ann\u00e9es en vue d\u2019atteindre un acc\u00e8s universel d\u2019ici \u00e0 2030. A cet effet une table ronde des donateurs a eu lieu \u00e0 la mi-novembre 2017 \u00e0 Paris, pour pr\u00e9senter le Prospectus d\u2019Investissement et mobiliser environ 380 millions sur 645 millions de dollars pour la mise en \u0153uvre du programme national d\u2019acc\u00e8s \u00e0 l\u2019\u00e9lectricit\u00e9.<\/p>\n<p>Le Ministre a affirm\u00e9 que le projet d\u2019Am\u00e9lioration de l\u2019Acc\u00e8s \u00e0 l\u2019\u00e9lectricit\u00e9 en Guin\u00e9e (PAAEG), conjointement financ\u00e9 par la Banque Mondiale et l\u2019Agence Fran\u00e7aise de D\u00e9veloppement (AFD), consiste \u00e0 mettre en \u0153uvre une partie de ce Programme d\u2019acc\u00e8s \u00e0 l\u2019\u00e9lectricit\u00e9 \u00e0 moindre co\u00fbt de notre pays, sur la base d\u2019une approche sectorielle.<\/p>\n<p><strong>Au terme de l\u2019expos\u00e9,\u00a0<\/strong>le Conseil a adopt\u00e9 la Convention de cr\u00e9dit et l\u2019Accord de financement relatifs \u00e0 ce projet.<\/p>\n<p><strong>Le Ministre de l\u2019Administration du Territoire et de la D\u00e9centralisation a fait un compte rendu sur le programme de lancement des projets d\u2019infrastructures financ\u00e9s par l\u2019ANAFIC\u00a0;<\/strong><\/p>\n<p>Il a rappel\u00e9 que l\u2019av\u00e8nement de la 3<sup>\u00e8me<\/sup>\u00a0R\u00e9publique en 2010 a permis \u00e0 la Guin\u00e9e de mettre au c\u0153ur de ses nombreux projets et programmes une politique de d\u00e9centralisation et de d\u00e9veloppement local \u00e0 la satisfaction g\u00e9n\u00e9rale des populations.<\/p>\n<p>Le Ministre a soutenu que c\u2019est dans ce contexte que le Gouvernement vient de mettre en place un m\u00e9canisme p\u00e9renne de financement de la d\u00e9centralisation en vue d\u2019optimiser l\u2019efficacit\u00e9 et de corriger les effets de dispersion des diff\u00e9rents appuis financiers apport\u00e9s aux collectivit\u00e9s locales. D\u2019o\u00f9 la cr\u00e9ation de l\u2019ANAFIC par D\u00e9cret du 11 novembre 2017 pour la gestion exclusive de ce fonds.<\/p>\n<p>Il a justifi\u00e9 que cet acquis m\u00e9rite d\u2019\u00eatre connu et port\u00e9 \u00e0 la connaissance des communaut\u00e9s \u00e0 la base.<\/p>\n<p>C\u2019est pourquoi, sous l\u2019autorit\u00e9 du Premier Ministre, il a \u00e9t\u00e9 jug\u00e9 n\u00e9cessaire d\u2019organiser une mission gouvernementale dans les 4 r\u00e9gions naturelles du pays \u00e0 l\u2019effet d\u2019informer les populations sur les acquis et les perspectives qui s\u2019attachent au projet de d\u00e9veloppement \u00e9conomique et social du Pr\u00e9sident de la R\u00e9publique.<\/p>\n<p>Le Ministre a expliqu\u00e9 que la mission sera dirig\u00e9e par un pool de Ministres dans chaque r\u00e9gion naturelle du pays. Il a inform\u00e9 que l\u2019objectif de la mission consiste \u00e0\u00a0:<\/p>\n<p>Proc\u00e9der au niveau des collectivit\u00e9s locales \u00e0 l\u2019inauguration des infrastructures socio-\u00e9conomiques de base (Sant\u00e9, Education, Agriculture, Electricit\u00e9, Hydraulique villageoises etc.), avec l\u2019appui des partenaires au d\u00e9veloppement, notamment le PACV3\u00a0;<br \/>\nProc\u00e9der \u00e0 la pose de la premi\u00e8re pierre des infrastructures financ\u00e9es par l\u2019ANAFIC\u00a0;<br \/>\nInformer les citoyens sur les acquis du Gouvernement de la 3\u00e8me R\u00e9publique\u00a0;<br \/>\nSensibiliser les populations sur l\u2019entretien, la sauvegarde et l\u2019utilisation efficiente des infrastructures mises \u00e0 leur disposition\u00a0;<\/p>\n<p>Faire passer un message de paix, d\u2019unit\u00e9 nationale, de qui\u00e9tude sociale et de s\u00e9curit\u00e9.<\/p>\n<p>Le Ministre a annonc\u00e9 qu\u2019\u00e0 la fin de la mission, un rapport synth\u00e8se sera \u00e9labor\u00e9 \u00e0 la haute attention de Son Excellence Monsieur le Pr\u00e9sident de la R\u00e9publique.<\/p>\n<p><strong>AU TITRE DES QUESTIONS DIVERSES<\/strong><\/p>\n<p>Le Ministre en charge de l\u2019Enseignement Sup\u00e9rieur a inform\u00e9 que notre compatriote Dr S\u00e9kou Traor\u00e9, sp\u00e9cialiste en\u00a0G\u00e9nie chimique \u00e0 l\u2019Universit\u00e9 Gamal Abdel Nasser, a remport\u00e9 le prix de champion mondial 2019 de la Boue Rouge.<\/p>\n<p>Le Conseil a appr\u00e9ci\u00e9 cette performance qui consacre le g\u00e9nie guin\u00e9en et adress\u00e9 ses f\u00e9licitations \u00e0 l\u2019int\u00e9ress\u00e9<\/p>\n<p><strong>Avant de lever la s\u00e9ance, Monsieur le Pr\u00e9sident de la R\u00e9publique a donn\u00e9 au Conseil de larges informations sur la situation nationale, africaine et internationale<\/strong><\/p>\n<p><strong>Le Conseil des Ministres<\/strong><\/p>\n<p><strong>Transmis par la Cellule de Communication du Gouvernement<\/strong><\/p>\n<p>&nbsp;<\/p>\n<p>&nbsp;<\/p>\n<p>&nbsp;<\/p>\n","protected":false},"excerpt":{"rendered":"<p>Sous la pr\u00e9sidence de son Excellence Monsieur le Pr\u00e9sident de la R\u00e9publique, le Conseil des Ministres a tenu sa session ordinaire ce jeudi, 16 Mai 2019, de 10h \u00e0 12h, selon l\u2019ordre du Jour suivant : MESSAGE DE SON EXCELLENCE MONSIEUR LE PRESIDENT DE LA REPUBLIQUE COMPTE RENDU DES SESSIONS ORDINAIRES DU CONSEIL INTERMINISTERIEL DU [&hellip;]<\/p>\n","protected":false},"author":2,"featured_media":4478,"comment_status":"open","ping_status":"closed","sticky":false,"template":"","format":"standard","meta":{"buzzeditor_post_format":"","footnotes":""},"categories":[1],"tags":[],"class_list":["post-4477","post","type-post","status-publish","format-standard","has-post-thumbnail","hentry","category-non-classe"],"jetpack_featured_media_url":"https:\/\/guineechrono.com\/wp-content\/uploads\/2019\/05\/AS.png","amp_enabled":true,"_links":{"self":[{"href":"https:\/\/guineechrono.com\/index.php\/wp-json\/wp\/v2\/posts\/4477","targetHints":{"allow":["GET"]}}],"collection":[{"href":"https:\/\/guineechrono.com\/index.php\/wp-json\/wp\/v2\/posts"}],"about":[{"href":"https:\/\/guineechrono.com\/index.php\/wp-json\/wp\/v2\/types\/post"}],"author":[{"embeddable":true,"href":"https:\/\/guineechrono.com\/index.php\/wp-json\/wp\/v2\/users\/2"}],"replies":[{"embeddable":true,"href":"https:\/\/guineechrono.com\/index.php\/wp-json\/wp\/v2\/comments?post=4477"}],"version-history":[{"count":0,"href":"https:\/\/guineechrono.com\/index.php\/wp-json\/wp\/v2\/posts\/4477\/revisions"}],"wp:featuredmedia":[{"embeddable":true,"href":"https:\/\/guineechrono.com\/index.php\/wp-json\/wp\/v2\/media\/4478"}],"wp:attachment":[{"href":"https:\/\/guineechrono.com\/index.php\/wp-json\/wp\/v2\/media?parent=4477"}],"wp:term":[{"taxonomy":"category","embeddable":true,"href":"https:\/\/guineechrono.com\/index.php\/wp-json\/wp\/v2\/categories?post=4477"},{"taxonomy":"post_tag","embeddable":true,"href":"https:\/\/guineechrono.com\/index.php\/wp-json\/wp\/v2\/tags?post=4477"}],"curies":[{"name":"wp","href":"https:\/\/api.w.org\/{rel}","templated":true}]}}