{"id":530,"date":"2018-05-04T17:54:51","date_gmt":"2018-05-04T16:54:51","guid":{"rendered":"http:\/\/guineechrono.com\/?p=530"},"modified":"2018-05-04T17:54:51","modified_gmt":"2018-05-04T16:54:51","slug":"mamou-les-boulangers-decident-de-ne-plus-produire-du-pain-les-vendredis","status":"publish","type":"post","link":"https:\/\/guineechrono.com\/index.php\/mamou-les-boulangers-decident-de-ne-plus-produire-du-pain-les-vendredis\/","title":{"rendered":"Mamou : les boulangers decident de ne plus produire du pain les vendredis"},"content":{"rendered":"<p>Les boulangers \u00e9voluant dans la pr\u00e9fecture de Mamou avaient menac\u00e9 de s\u2019offrir un jour de repos. Ce vendredi 04 mai 2018, ils ont mis cette menace \u00e0 ex\u00e9cution. Au grand dam des citoyens, habitu\u00e9s \u00e0 prendre leur caf\u00e9 chaque matin avant de sortir de la maison, aucune niche de pain n\u2019a \u00e9t\u00e9 vendue \u00e0 Mamou ce matin.<\/p>\n<p>Ces derniers devraient d\u2019ailleurs s\u2019habituer \u00e0 cette nouvelle donne.\u00a0 Parce qu\u2019\u00e0 en croire le pr\u00e9sident de l\u2019union r\u00e9gionale des boulangers et p\u00e2tissiers de Mamou, \u00e0 l\u2019avenir, tous les vendredis seront consacr\u00e9s exclusivement aux entretiens internes.<\/p>\n<p><em>\u00abCette d\u00e9cision a \u00e9t\u00e9 prise lors de la r\u00e9cente rencontre \u00e0 Conakry, entre l\u2019union nationale des boulangers et p\u00e2tissiers de Guin\u00e9e, des chefs d\u2019entreprises et les autorit\u00e9s.\u00a0 Au cours de cette r\u00e9union, il avait \u00e9t\u00e9 d\u00e9cid\u00e9 que chaque partie joue \u00a0pleinement son r\u00f4le. Ainsi donc, pour ce qui concerne les boulangers, nous avons d\u00e9cid\u00e9 de trouver un jour de repos pour nous permettre de veiller sur l\u2019hygi\u00e8ne de nos lieux de travail, mais aussi permettre \u00e0 certains d\u2019entre nous de se reposer. Parce que ce travail demande beaucoup de force physique\u00bb,<\/em>\u00a0justifie Maitre Amadou Bhoye Bald\u00e9.<\/p>\n<p>Interrog\u00e9s, certains citoyens de la ville disent ne pas comprendre cette d\u00e9cision des boulangers. \u00ab<em>En Guin\u00e9e, le pain est l\u2019aliment le plus consomm\u00e9 apr\u00e8s le riz. Donc, je ne comprends pas leur d\u00e9cision. Dire que les vendredis ils ne vont pas produire du pain,\u00a0 c\u2019est pour faire du tort aux citoyens \u00e0 quelques jours du d\u00e9but du mois de ramadan\u00bb,<\/em>\u00a0d\u00e9plore Amadou Sow.<\/p>\n<p>\u00abCette d\u00e9cision des boulangers est irr\u00e9fl\u00e9chie. S\u2019ils veulent se reposer, \u00a0ils peuvent le faire la\u00a0 journ\u00e9e parce que c\u2019est pendant la nuit\u00a0qu\u2019ils travaillent\u00bb, propose Fatoumata Bah.<\/p>\n<p>En attendant la r\u00e9action des autorit\u00e9s de la r\u00e9gion, le pr\u00e9sident de l\u2019union r\u00e9gionale des boulangers et p\u00e2tissiers de Mamou promet de sanctionner tout boulanger qui ne se soumettrait pas \u00e0 la nouvelle d\u00e9cision.<\/p>\n<p><strong>\u00a0Mosaiqueguinee.com<\/strong><\/p>\n","protected":false},"excerpt":{"rendered":"<p>Les boulangers \u00e9voluant dans la pr\u00e9fecture de Mamou avaient menac\u00e9 de s\u2019offrir un jour de repos. Ce vendredi 04 mai 2018, ils ont mis cette menace \u00e0 ex\u00e9cution. Au grand dam des citoyens, habitu\u00e9s \u00e0 prendre leur caf\u00e9 chaque matin avant de sortir de la maison, aucune niche de pain n\u2019a \u00e9t\u00e9 vendue \u00e0 Mamou [&hellip;]<\/p>\n","protected":false},"author":2,"featured_media":531,"comment_status":"open","ping_status":"closed","sticky":false,"template":"","format":"standard","meta":{"buzzeditor_post_format":"","footnotes":""},"categories":[1],"tags":[],"class_list":["post-530","post","type-post","status-publish","format-standard","has-post-thumbnail","hentry","category-non-classe"],"jetpack_featured_media_url":"https:\/\/guineechrono.com\/wp-content\/uploads\/2018\/05\/Mamou.jpg","amp_enabled":true,"_links":{"self":[{"href":"https:\/\/guineechrono.com\/index.php\/wp-json\/wp\/v2\/posts\/530","targetHints":{"allow":["GET"]}}],"collection":[{"href":"https:\/\/guineechrono.com\/index.php\/wp-json\/wp\/v2\/posts"}],"about":[{"href":"https:\/\/guineechrono.com\/index.php\/wp-json\/wp\/v2\/types\/post"}],"author":[{"embeddable":true,"href":"https:\/\/guineechrono.com\/index.php\/wp-json\/wp\/v2\/users\/2"}],"replies":[{"embeddable":true,"href":"https:\/\/guineechrono.com\/index.php\/wp-json\/wp\/v2\/comments?post=530"}],"version-history":[{"count":0,"href":"https:\/\/guineechrono.com\/index.php\/wp-json\/wp\/v2\/posts\/530\/revisions"}],"wp:featuredmedia":[{"embeddable":true,"href":"https:\/\/guineechrono.com\/index.php\/wp-json\/wp\/v2\/media\/531"}],"wp:attachment":[{"href":"https:\/\/guineechrono.com\/index.php\/wp-json\/wp\/v2\/media?parent=530"}],"wp:term":[{"taxonomy":"category","embeddable":true,"href":"https:\/\/guineechrono.com\/index.php\/wp-json\/wp\/v2\/categories?post=530"},{"taxonomy":"post_tag","embeddable":true,"href":"https:\/\/guineechrono.com\/index.php\/wp-json\/wp\/v2\/tags?post=530"}],"curies":[{"name":"wp","href":"https:\/\/api.w.org\/{rel}","templated":true}]}}