{"id":5396,"date":"2019-06-17T16:22:56","date_gmt":"2019-06-17T15:22:56","guid":{"rendered":"http:\/\/guineechrono.com\/?p=5396"},"modified":"2019-06-17T16:22:56","modified_gmt":"2019-06-17T15:22:56","slug":"conakry-le-collectif-des-victimes-du-deguerpissement-de-kaporo-rail-et-de-kipe-2-lance-un-dernier-ultimatum-au-gouvernement-guineen","status":"publish","type":"post","link":"https:\/\/guineechrono.com\/index.php\/conakry-le-collectif-des-victimes-du-deguerpissement-de-kaporo-rail-et-de-kipe-2-lance-un-dernier-ultimatum-au-gouvernement-guineen\/","title":{"rendered":"Conakry : le collectif des victimes du d\u00e9guerpissement de kaporo-rail et de kip\u00e9 2  lance un dernier ultimatum au gouvernement guin\u00e9en"},"content":{"rendered":"<p>Apr\u00e8s les op\u00e9rations d\u00e9guerpissement lanc\u00e9 par le gouvernement guin\u00e9en les victimes ne se d\u00e9col\u00e8rent toujours pas. C\u2019est dans une d\u00e9claration rendu public ce lundi que le collectif des victimes de Kaporo-Rails, Kip\u00e9 2 et Dimesse informe l\u2019opinion nationale et internationale qu\u2019il a d\u00e9cid\u00e9 de porter plainte le 3 juin 2019 contre l\u2019Etat guin\u00e9en aupr\u00e8s de la cour de justice de la CEDEA0. Selon lui, la plainte a \u00e9t\u00e9 enregistr\u00e9e par le greffe de ladite cour.<\/p>\n<p>Dans la m\u00eame logique, le collectif a rappel\u00e9 qu\u2019une notification a \u00e9t\u00e9 envoy\u00e9e aux autorit\u00e9s guin\u00e9ennes qui ont un d\u00e9lai de 15 jours pour qu\u2019elles apportent leurs observations \u00e9crites sur la demande de mesures provisoires. \u00ab\u00a0Pass\u00e9 ce d\u00e9lai, les victimes seront entendues et la cour n\u2019exclue pas de rendre un arr\u00eat par d\u00e9faut\u00a0\u00bb, d\u00e9clare-t-il.<\/p>\n<p>Par ailleurs, la cour a convoqu\u00e9 l\u2019audience sur la demande d\u2019injonction pour le 27 Juin 2019 \u00e0 Abuja, au Nig\u00e9ria. \u00ab\u00a0D\u00e9j\u00e0, la vid\u00e9o de la rencontre entre le ministre de la ville et des investisseurs guin\u00e9ens sur le bail de nos domaines, est dans les mains des juges\u00a0\u00bb, ajoute-t-il.<\/p>\n<p>Il a mis enfin en garde tous ceux et toutes celles qui cherchent \u00e0 s\u2019installer sur nos domaines. \u00ab\u00a0Comme on l\u2019a dit pr\u00e9c\u00e9demment, investir sur les ruines de Kaporo-Rails, Kip\u00e9 2 et Dimesse, c\u2019est s\u2019engager dans une longue et co\u00fbteuse proc\u00e9dure judiciaire qu\u2019il faut \u00e9viter \u00e0 tout prix\u00a0\u00bb.<\/p>\n<p><strong>Aboubacar Camara<\/strong><\/p>\n","protected":false},"excerpt":{"rendered":"<p>Apr\u00e8s les op\u00e9rations d\u00e9guerpissement lanc\u00e9 par le gouvernement guin\u00e9en les victimes ne se d\u00e9col\u00e8rent toujours pas. C\u2019est dans une d\u00e9claration rendu public ce lundi que le collectif des victimes de Kaporo-Rails, Kip\u00e9 2 et Dimesse informe l\u2019opinion nationale et internationale qu\u2019il a d\u00e9cid\u00e9 de porter plainte le 3 juin 2019 contre l\u2019Etat guin\u00e9en aupr\u00e8s de [&hellip;]<\/p>\n","protected":false},"author":2,"featured_media":5394,"comment_status":"open","ping_status":"closed","sticky":false,"template":"","format":"standard","meta":{"buzzeditor_post_format":"","footnotes":""},"categories":[1],"tags":[],"class_list":["post-5396","post","type-post","status-publish","format-standard","has-post-thumbnail","hentry","category-non-classe"],"jetpack_featured_media_url":"https:\/\/guineechrono.com\/wp-content\/uploads\/2019\/06\/collectif.png","amp_enabled":true,"_links":{"self":[{"href":"https:\/\/guineechrono.com\/index.php\/wp-json\/wp\/v2\/posts\/5396","targetHints":{"allow":["GET"]}}],"collection":[{"href":"https:\/\/guineechrono.com\/index.php\/wp-json\/wp\/v2\/posts"}],"about":[{"href":"https:\/\/guineechrono.com\/index.php\/wp-json\/wp\/v2\/types\/post"}],"author":[{"embeddable":true,"href":"https:\/\/guineechrono.com\/index.php\/wp-json\/wp\/v2\/users\/2"}],"replies":[{"embeddable":true,"href":"https:\/\/guineechrono.com\/index.php\/wp-json\/wp\/v2\/comments?post=5396"}],"version-history":[{"count":0,"href":"https:\/\/guineechrono.com\/index.php\/wp-json\/wp\/v2\/posts\/5396\/revisions"}],"wp:featuredmedia":[{"embeddable":true,"href":"https:\/\/guineechrono.com\/index.php\/wp-json\/wp\/v2\/media\/5394"}],"wp:attachment":[{"href":"https:\/\/guineechrono.com\/index.php\/wp-json\/wp\/v2\/media?parent=5396"}],"wp:term":[{"taxonomy":"category","embeddable":true,"href":"https:\/\/guineechrono.com\/index.php\/wp-json\/wp\/v2\/categories?post=5396"},{"taxonomy":"post_tag","embeddable":true,"href":"https:\/\/guineechrono.com\/index.php\/wp-json\/wp\/v2\/tags?post=5396"}],"curies":[{"name":"wp","href":"https:\/\/api.w.org\/{rel}","templated":true}]}}