{"id":5670,"date":"2019-06-24T12:40:09","date_gmt":"2019-06-24T11:40:09","guid":{"rendered":"http:\/\/guineechrono.com\/?p=5670"},"modified":"2019-06-24T12:40:09","modified_gmt":"2019-06-24T11:40:09","slug":"conakry-3dk-lance-officiellement-ses-activites","status":"publish","type":"post","link":"https:\/\/guineechrono.com\/index.php\/conakry-3dk-lance-officiellement-ses-activites\/","title":{"rendered":"Conakry : 3DK lance officiellement  ses activit\u00e9s"},"content":{"rendered":"<p><strong>Dans cadre de contribuer au d\u00e9veloppement de leur localit\u00e9, les jeunes ressortissants de la pr\u00e9fecture de Kindia vivant \u00e0 Conakry ont mis en place une association d\u00e9nomm\u00e9e\u00a0 \u2018\u2019Dynamique pour le D\u00e9veloppement Durable de Kindia\u2019\u2019 (3DK). Le lancement officiel des activit\u00e9s de cette structure a eu lieu ce week-end \u00e0 la mini\u00e8re dans la commune de Ratoma.<\/strong><\/p>\n<p>Dans son discours, le charg\u00e9 a l\u2019organisation, Ibrahima Sory Sylla a d\u00e9clar\u00e9 que cette association a pour ambition de contribuer activement au d\u00e9veloppement et de cr\u00e9er un cadre permanent de concertation entre les fils \u00e9t\u00e9 filles de Kindia. \u00ab\u00a0<em>Elle a pour objectif principal d\u2019am\u00e9liorer les conditions de vie des citoyens de la localit\u00e9. Nous nous battons ensembles pour le progr\u00e8s de notre localit\u00e9. Elle est apolitique et regroupe toutes les ethnies et sans distinction de race et de sexe\u00a0<\/em>\u00bb, a-t-il d\u00e9clar\u00e9.<\/p>\n<p>Ensuite, il a soulign\u00e9 que cette association a pour devise\u2019\u2019 agir pour convaincre, comprendre pour r\u00e9ussir\u2019\u2019. Une fa\u00e7on de dire que le d\u00e9veloppement est possible dans tous les sens.<\/p>\n<p>Il a enfin remerci\u00e9 \u00e0 tous ceux qui s\u2019investissent pour le d\u00e9veloppement de Kindia.<\/p>\n<p>A noter que le com\u00e9dien artiste, Aboubacar Camara grand devise a \u00e9t\u00e9 choisit comme pr\u00e9sident de ladite association et accompagn\u00e9s de trois vice-pr\u00e9sidents pour diriger la destin\u00e9e de 3DK.<\/p>\n<p><strong>La r\u00e9daction <\/strong><\/p>\n<p>&nbsp;<\/p>\n","protected":false},"excerpt":{"rendered":"<p>Dans cadre de contribuer au d\u00e9veloppement de leur localit\u00e9, les jeunes ressortissants de la pr\u00e9fecture de Kindia vivant \u00e0 Conakry ont mis en place une association d\u00e9nomm\u00e9e\u00a0 \u2018\u2019Dynamique pour le D\u00e9veloppement Durable de Kindia\u2019\u2019 (3DK). Le lancement officiel des activit\u00e9s de cette structure a eu lieu ce week-end \u00e0 la mini\u00e8re dans la commune de [&hellip;]<\/p>\n","protected":false},"author":2,"featured_media":5671,"comment_status":"open","ping_status":"closed","sticky":false,"template":"","format":"standard","meta":{"buzzeditor_post_format":"","footnotes":""},"categories":[1],"tags":[],"class_list":["post-5670","post","type-post","status-publish","format-standard","has-post-thumbnail","hentry","category-non-classe"],"jetpack_featured_media_url":"https:\/\/guineechrono.com\/wp-content\/uploads\/2019\/06\/3DK.jpg","amp_enabled":true,"_links":{"self":[{"href":"https:\/\/guineechrono.com\/index.php\/wp-json\/wp\/v2\/posts\/5670","targetHints":{"allow":["GET"]}}],"collection":[{"href":"https:\/\/guineechrono.com\/index.php\/wp-json\/wp\/v2\/posts"}],"about":[{"href":"https:\/\/guineechrono.com\/index.php\/wp-json\/wp\/v2\/types\/post"}],"author":[{"embeddable":true,"href":"https:\/\/guineechrono.com\/index.php\/wp-json\/wp\/v2\/users\/2"}],"replies":[{"embeddable":true,"href":"https:\/\/guineechrono.com\/index.php\/wp-json\/wp\/v2\/comments?post=5670"}],"version-history":[{"count":0,"href":"https:\/\/guineechrono.com\/index.php\/wp-json\/wp\/v2\/posts\/5670\/revisions"}],"wp:featuredmedia":[{"embeddable":true,"href":"https:\/\/guineechrono.com\/index.php\/wp-json\/wp\/v2\/media\/5671"}],"wp:attachment":[{"href":"https:\/\/guineechrono.com\/index.php\/wp-json\/wp\/v2\/media?parent=5670"}],"wp:term":[{"taxonomy":"category","embeddable":true,"href":"https:\/\/guineechrono.com\/index.php\/wp-json\/wp\/v2\/categories?post=5670"},{"taxonomy":"post_tag","embeddable":true,"href":"https:\/\/guineechrono.com\/index.php\/wp-json\/wp\/v2\/tags?post=5670"}],"curies":[{"name":"wp","href":"https:\/\/api.w.org\/{rel}","templated":true}]}}