{"id":590,"date":"2018-05-13T14:51:24","date_gmt":"2018-05-13T13:51:24","guid":{"rendered":"http:\/\/guineechrono.com\/?p=590"},"modified":"2018-05-13T14:51:24","modified_gmt":"2018-05-13T13:51:24","slug":"lassemblee-generale-hebdomadaire-lufdg-compte-manifester-le-mois-de-ramadan","status":"publish","type":"post","link":"https:\/\/guineechrono.com\/index.php\/lassemblee-generale-hebdomadaire-lufdg-compte-manifester-le-mois-de-ramadan\/","title":{"rendered":"L\u2019assembl\u00e9e g\u00e9n\u00e9rale hebdomadaire : L\u2019UFDG compte manifester le mois de ramadan"},"content":{"rendered":"<p><strong>L\u2019assembl\u00e9e g\u00e9n\u00e9rale hebdomadaire de l\u2019UFDG le samedi, 12 mai 2018 s\u2019est tenue \u00e0 l\u2019absence de Cellou Dalein Diallo, en s\u00e9jour \u00e0 Bamako (Mali) pour assister \u00e0 l\u2019investiture de son ami Souma\u00efla Ciss\u00e9. C\u2019est l\u2019honorable Kal\u00e9modou Yansan\u00e9, vice-pr\u00e9sident de l\u2019UFDG, qui a pr\u00e9sid\u00e9 la rencontre entour\u00e9 de plusieurs responsables du parti. Un seul point \u00e9tait \u00e0 l\u2019ordre du jour, les pr\u00e9paratifs de la journ\u00e9e \u00ab\u00a0ville morte\u00a0\u00bb pr\u00e9vue pour le lundi 14 mai.<\/strong><\/p>\n<p>A l\u2019entame, c\u2019est le charg\u00e9 de communication Alpha Boubacar Bah qui, \u00e0 travers un communiqu\u00e9 sign\u00e9 l\u2019opposition r\u00e9publicaine, a appel\u00e9 leurs militants et sympathisants \u00e0 observer une \u00a0journ\u00e9e \u00ab\u00a0ville morte\u00a0\u00bb le lundi 14 mai. Cette fois, outre les populations de Conakry, celles de Kindia, de Dubr\u00e9ka, et Man\u00e9ah, sont aussi concern\u00e9es. Pour Alpha Boubacar Bah,\u00a0cette journ\u00e9e \u00ab\u00a0ville morte\u00a0\u00bb fait suite \u00e0 l\u2019attitude \u2018\u2019arrogante\u2019\u2019 du RPG Arc-en-ciel et du gouvernement qui ne veulent pas, dit-il, la paix sociale dans le pays.<\/p>\n<p>De son cot\u00e9, le d\u00e9put\u00e9 Kal\u00e9modou Yansan\u00e9 a \u00a0pr\u00e9venu que cette fois, ils ne reculeront pas.<\/p>\n<p>\u00abMalgr\u00e9 le mois de ramadan, nous n\u2019avons pas d\u2019autres choix que de chercher\u00a0 \u00e0 d\u00e9fendre la v\u00e9rit\u00e9. Tant que la v\u00e9rit\u00e9 ne sera pas dite, nous ne pouvons pas rester tranquilles. Nous allons donc commencer \u00e0 observer la journ\u00e9e ville morte le lundi 14 mai. Les d\u00e9put\u00e9s pour lesquels vous avez vot\u00e9, seront avec vous. Nous n\u2019irons pas \u00e0 l\u2019Assembl\u00e9e ce jour. Les sages aussi resteront \u00e0 la maison et prieront pour nous. Et \u00e0 partir du 14 nous allons vous communiquer en rapport avec l\u2019opposition r\u00e9publicaine le nouveau programme \u00e9tabli pour les marches g\u00e9n\u00e9ralis\u00e9es dans toutes les communes o\u00f9 il ya eu contestation\u00bb, annonce Kal\u00e9modou qui a par ailleurs fl\u00e9tri l\u2019arrestation \u00ab\u00a0arbitraire\u00a0\u00bb de 150 militants de l\u2019UFDG.<\/p>\n<p>Tr\u00e8s \u00e9nerv\u00e9e face au refus du pouvoir de \u00ab publier les vrais r\u00e9sultats sortis des urnes \u00bb, l\u2019honorable Mariama Taata Bah dira ceci. \u00ab Je sais qu\u2019Alpha Cond\u00e9 a construit beaucoup d\u2019h\u00f4tels dans le pays ; mais, je vais lui dire s\u2019il veut, il n\u2019a qu\u2019\u00e0 transformer les chambres d\u2019h\u00f4tels en celle de prison. Nous n\u2019allons pas reculer. On ne reculera pas. Je demande \u00e0 tous les candidats, que chacun reste au niveau de sa circonscription o\u00f9 il se sent gagnant \u00bb, a-t-elle dit.<\/p>\n<p>Pour terminer\u00a0, \u00a0elle affirme qu\u2019a ceux qui tentent la m\u00e9diation, l\u2019\u00e9lue de l\u2019UFDG a rappel\u00e9 que \u00ab la paix n\u2019est pas une chanson ; mais, des faits concrets parce qu\u2019ils savent o\u00f9 est n\u00e9 le probl\u00e8me de marche. Nous n\u2019avons pas de milices, nous n\u2019avons pas l\u2019arm\u00e9e avec nous, nous n\u2019avons pas les gendarmes et les policiers. Tout ce que nous avons, c\u2019est les manifestations et c\u2019est ce que nous allons utiliser. Tant que la v\u00e9rit\u00e9 ne sera pas dite dans ce pays, on va marcher \u00bb, insiste-t-elle, demandant aux femmes de l\u2019opposition de prendre leur responsabilit\u00e9.<\/p>\n<p><strong>Ousmane Baga Cont\u00e9<\/strong><\/p>\n","protected":false},"excerpt":{"rendered":"<p>L\u2019assembl\u00e9e g\u00e9n\u00e9rale hebdomadaire de l\u2019UFDG le samedi, 12 mai 2018 s\u2019est tenue \u00e0 l\u2019absence de Cellou Dalein Diallo, en s\u00e9jour \u00e0 Bamako (Mali) pour assister \u00e0 l\u2019investiture de son ami Souma\u00efla Ciss\u00e9. C\u2019est l\u2019honorable Kal\u00e9modou Yansan\u00e9, vice-pr\u00e9sident de l\u2019UFDG, qui a pr\u00e9sid\u00e9 la rencontre entour\u00e9 de plusieurs responsables du parti. Un seul point \u00e9tait \u00e0 [&hellip;]<\/p>\n","protected":false},"author":2,"featured_media":591,"comment_status":"open","ping_status":"closed","sticky":false,"template":"","format":"standard","meta":{"buzzeditor_post_format":"","footnotes":""},"categories":[1],"tags":[],"class_list":["post-590","post","type-post","status-publish","format-standard","has-post-thumbnail","hentry","category-non-classe"],"jetpack_featured_media_url":"https:\/\/guineechrono.com\/wp-content\/uploads\/2018\/05\/Kal\u00e9modou-yansan\u00e9-324x235.jpg","amp_enabled":true,"_links":{"self":[{"href":"https:\/\/guineechrono.com\/index.php\/wp-json\/wp\/v2\/posts\/590","targetHints":{"allow":["GET"]}}],"collection":[{"href":"https:\/\/guineechrono.com\/index.php\/wp-json\/wp\/v2\/posts"}],"about":[{"href":"https:\/\/guineechrono.com\/index.php\/wp-json\/wp\/v2\/types\/post"}],"author":[{"embeddable":true,"href":"https:\/\/guineechrono.com\/index.php\/wp-json\/wp\/v2\/users\/2"}],"replies":[{"embeddable":true,"href":"https:\/\/guineechrono.com\/index.php\/wp-json\/wp\/v2\/comments?post=590"}],"version-history":[{"count":0,"href":"https:\/\/guineechrono.com\/index.php\/wp-json\/wp\/v2\/posts\/590\/revisions"}],"wp:featuredmedia":[{"embeddable":true,"href":"https:\/\/guineechrono.com\/index.php\/wp-json\/wp\/v2\/media\/591"}],"wp:attachment":[{"href":"https:\/\/guineechrono.com\/index.php\/wp-json\/wp\/v2\/media?parent=590"}],"wp:term":[{"taxonomy":"category","embeddable":true,"href":"https:\/\/guineechrono.com\/index.php\/wp-json\/wp\/v2\/categories?post=590"},{"taxonomy":"post_tag","embeddable":true,"href":"https:\/\/guineechrono.com\/index.php\/wp-json\/wp\/v2\/tags?post=590"}],"curies":[{"name":"wp","href":"https:\/\/api.w.org\/{rel}","templated":true}]}}