{"id":614,"date":"2018-05-16T17:49:02","date_gmt":"2018-05-16T16:49:02","guid":{"rendered":"http:\/\/guineechrono.com\/?p=614"},"modified":"2018-05-16T17:49:02","modified_gmt":"2018-05-16T16:49:02","slug":"gaza-le-torchon-brule-entre-israel-et-la-turquie","status":"publish","type":"post","link":"https:\/\/guineechrono.com\/index.php\/gaza-le-torchon-brule-entre-israel-et-la-turquie\/","title":{"rendered":"Gaza: le torchon br\u00fble entre Isra\u00ebl et la Turquie"},"content":{"rendered":"<div class=\"intro\">\n<p>Rien ne va plus entre Isra\u00ebl et la Turquie. La r\u00e9pression des manifestations palestiniennes \u00e0 Gaza par l&rsquo;arm\u00e9e isra\u00e9lienne, lundi 14 mai, a entra\u00een\u00e9 une s\u00e9rie de mesures de r\u00e9torsion entre les deux pays.<\/p>\n<\/div>\n<div>\n<p><em>Avec notre correspondant \u00e0 J\u00e9rusalem<\/em>,\u00a0<strong>Michel Paul<\/strong><\/p>\n<p>C\u2019est une nouvelle crise entre les deux pays qui en ont connu de nombreuses dans le pass\u00e9. \u00ab\u00a0<em>Nous n&rsquo;abandonnerons pas J\u00e9rusalem \u00e0 la merci d&rsquo;un Etat qui tue des enfants<\/em>\u00a0\u00bb, avait par exemple d\u00e9clar\u00e9\u00a0<strong><a href=\"http:\/\/www.rfi.fr\/europe\/20171210-turquie-erdogan-qualifie-israel-etat-terroriste\" target=\"_blank\" rel=\"noopener\">Recep Tayyip Erdogan en d\u00e9cembre dernier<\/a><\/strong>, apr\u00e8s l&rsquo;annonce des Etats-Unis de d\u00e9placer leur ambassade dans la ville sainte.<\/p>\n<p>Cette fois, apr\u00e8s la r\u00e9pression des manifestations \u00e0 Gaza qui ont fait pr\u00e8s de 60\u00a0morts, Ankara a signifi\u00e9 \u00e0 l\u2019ambassadeur isra\u00e9lien qu\u2019il n\u2019\u00e9tait plus le bienvenu en Turquie et accuse Isra\u00ebl de perp\u00e9trer un g\u00e9nocide dans l&rsquo;enclave palestinienne. Le consul isra\u00e9lien \u00e0 Istanbul a lui aussi \u00e9t\u00e9 d\u00e9clar\u00e9<em>\u00a0persona non grata<\/em>.<\/p>\n<p>Isra\u00ebl a, de son c\u00f4t\u00e9, convoqu\u00e9 le consul turc \u00e0 J\u00e9rusalem et l\u2019a pri\u00e9 de retourner dans son pays pour un certain temps. \u00ab\u00a0<em>Nous n\u2019avons pas de le\u00e7on de morale \u00e0 recevoir d\u2019Erdogan qui a les mains tremp\u00e9es de sang<\/em>\u00a0\u00bb, affirme Benyamin Netanyahu.<\/p>\n<div id=\"teads-5031013025822089\">\u00a0<strong>Vers une reconnaissance du g\u00e9nocide arm\u00e9nien par Isra\u00ebl\u00a0?<\/strong><\/div>\n<p>Un groupe de d\u00e9put\u00e9s isra\u00e9liens se proposent maintenant de faire adopter en urgence par la Knesset la reconnaissance du g\u00e9nocide arm\u00e9nien. Une initiative jusqu&rsquo;\u00e0 pr\u00e9sent soigneusement \u00e9vit\u00e9e pour pr\u00e9server des relations pr\u00e9caires avec la Turquie.<\/p>\n<p>Quant \u00e0 la population arabe en Isra\u00ebl, elle entame une gr\u00e8ve g\u00e9n\u00e9rale \u00e0 la m\u00e9moire des victimes palestiniennes tomb\u00e9es sous les balles isra\u00e9liennes \u00e0 Gaza. Et plusieurs organisations non gouvernementales isra\u00e9liennes demandent \u00e0 l\u2019arm\u00e9e de changer ses m\u00e9thodes de r\u00e9pression face aux manifestants gazaouis.<\/p>\n<p><strong>RFI.FR<\/strong><\/p>\n<\/div>\n","protected":false},"excerpt":{"rendered":"<p>Rien ne va plus entre Isra\u00ebl et la Turquie. La r\u00e9pression des manifestations palestiniennes \u00e0 Gaza par l&rsquo;arm\u00e9e isra\u00e9lienne, lundi 14 mai, a entra\u00een\u00e9 une s\u00e9rie de mesures de r\u00e9torsion entre les deux pays. Avec notre correspondant \u00e0 J\u00e9rusalem,\u00a0Michel Paul C\u2019est une nouvelle crise entre les deux pays qui en ont connu de nombreuses dans [&hellip;]<\/p>\n","protected":false},"author":2,"featured_media":615,"comment_status":"open","ping_status":"closed","sticky":false,"template":"","format":"standard","meta":{"buzzeditor_post_format":"","footnotes":""},"categories":[1],"tags":[],"class_list":["post-614","post","type-post","status-publish","format-standard","has-post-thumbnail","hentry","category-non-classe"],"jetpack_featured_media_url":"https:\/\/guineechrono.com\/wp-content\/uploads\/2018\/05\/erdogan.jpg","amp_enabled":true,"_links":{"self":[{"href":"https:\/\/guineechrono.com\/index.php\/wp-json\/wp\/v2\/posts\/614","targetHints":{"allow":["GET"]}}],"collection":[{"href":"https:\/\/guineechrono.com\/index.php\/wp-json\/wp\/v2\/posts"}],"about":[{"href":"https:\/\/guineechrono.com\/index.php\/wp-json\/wp\/v2\/types\/post"}],"author":[{"embeddable":true,"href":"https:\/\/guineechrono.com\/index.php\/wp-json\/wp\/v2\/users\/2"}],"replies":[{"embeddable":true,"href":"https:\/\/guineechrono.com\/index.php\/wp-json\/wp\/v2\/comments?post=614"}],"version-history":[{"count":0,"href":"https:\/\/guineechrono.com\/index.php\/wp-json\/wp\/v2\/posts\/614\/revisions"}],"wp:featuredmedia":[{"embeddable":true,"href":"https:\/\/guineechrono.com\/index.php\/wp-json\/wp\/v2\/media\/615"}],"wp:attachment":[{"href":"https:\/\/guineechrono.com\/index.php\/wp-json\/wp\/v2\/media?parent=614"}],"wp:term":[{"taxonomy":"category","embeddable":true,"href":"https:\/\/guineechrono.com\/index.php\/wp-json\/wp\/v2\/categories?post=614"},{"taxonomy":"post_tag","embeddable":true,"href":"https:\/\/guineechrono.com\/index.php\/wp-json\/wp\/v2\/tags?post=614"}],"curies":[{"name":"wp","href":"https:\/\/api.w.org\/{rel}","templated":true}]}}