{"id":617,"date":"2018-05-16T17:52:10","date_gmt":"2018-05-16T16:52:10","guid":{"rendered":"http:\/\/guineechrono.com\/?p=617"},"modified":"2018-05-16T17:52:10","modified_gmt":"2018-05-16T16:52:10","slug":"israel-a-son-tour-le-guatemala-demenage-son-ambassade-a-jerusalem","status":"publish","type":"post","link":"https:\/\/guineechrono.com\/index.php\/israel-a-son-tour-le-guatemala-demenage-son-ambassade-a-jerusalem\/","title":{"rendered":"Isra\u00ebl: \u00e0 son tour, le Guatemala d\u00e9m\u00e9nage son ambassade \u00e0 J\u00e9rusalem"},"content":{"rendered":"<div class=\"intro\">\n<p>Deux jours apr\u00e8s les Etats-Unis, c\u2019est au tour du Guatemala de d\u00e9placer son ambassade de Tel Aviv \u00e0 J\u00e9rusalem. Une c\u00e9r\u00e9monie en pr\u00e9sence du Premier ministre isra\u00e9lien Netanyahu et du pr\u00e9sident du Guatemala Jimmy Morales.<\/p>\n<\/div>\n<div>\n<p><em>Avec notre correspondant \u00e0 J\u00e9rusalem<\/em>,<strong>\u00a0Michel Paul<\/strong><\/p>\n<p>A aucun moment il n\u2019a \u00e9t\u00e9 question\u00a0<strong><a href=\"http:\/\/www.rfi.fr\/moyen-orient\/20180515-bain-sang-gaza-manifestations-journee-lundi-bilan\" target=\"_blank\" rel=\"noopener\">des \u00e9v\u00e9nements sanglants \u00e0 Gaza\u00a0<\/a><\/strong>au cours d&rsquo;une c\u00e9r\u00e9monie somme toute modeste. Les nouveaux locaux de l\u2019ambassade du Guatemala sont situ\u00e9s dans un parc technologique de la partie occidentale de J\u00e9rusalem. Radieux, le Premier ministre isra\u00e9lien a indiqu\u00e9 que le Guatemala serait la premi\u00e8re \u00e9tape de son prochain p\u00e9riple en Am\u00e9rique latine.<\/p>\n<p>\u00ab\u00a0<em>Nous avons inaugur\u00e9\u00a0<strong><a href=\"http:\/\/www.rfi.fr\/moyen-orient\/20180514-ceremonie-inauguration-ambassade-americaine-jerusalem-ouverte-trump\" target=\"_blank\" rel=\"noopener\">l\u2019ambassade des Etats-Unis<\/a><\/strong>\u00a0\u00e0 J\u00e9rusalem il y a deux jours. Et ce n\u2019est pas une co\u00efncidence que le Guatemala ouvre son ambassade \u00e0 J\u00e9rusalem parmi les premiers. Vous \u00eates toujours parmi les premiers.<\/em>\u00a0\u00bb<\/p>\n<p>Le pr\u00e9sident guat\u00e9malt\u00e8que Jimmy Morales s\u2019est f\u00e9licit\u00e9 des relations amicales entre les deux pays. Et il a proclam\u00e9 son intention de renforcer notamment les liens \u00e9conomiques.<\/p>\n<div id=\"divVideoStepAdBottom\" class=\"divVideoStep\">\u00a0\u00ab\u00a0<em>Il y a 70 ans nous avons d\u00e9cid\u00e9 d\u2019appuyer et d\u2019avoir des liens amicaux avec Isra\u00ebl<\/em>, a-t-il r\u00e9pondu.\u00a0<em>Et aujourd\u2019hui nous le montrons \u00e0 nouveau. C\u2019est une d\u00e9cision souveraine qui nous permet d\u2019\u00eatre ensemble ici pour proclamer\u00a0: Isra\u00ebl et le Guatemala \u00e0 tout jamais unis\u00a0!<\/em>\u00a0\u00bb<\/div>\n<p>A l\u2019origine, l\u2019ambassade du Guatemala se trouvait d\u00e9j\u00e0 \u00e0 J\u00e9rusalem. En 1980, elle avait \u00e9t\u00e9 transf\u00e9r\u00e9e \u00e0 Tel Aviv apr\u00e8s l\u2019adoption par la Knesset d\u2019une loi r\u00e9affirmant le statut de capitale de la ville de J\u00e9rusalem.<\/p>\n<\/div>\n","protected":false},"excerpt":{"rendered":"<p>Deux jours apr\u00e8s les Etats-Unis, c\u2019est au tour du Guatemala de d\u00e9placer son ambassade de Tel Aviv \u00e0 J\u00e9rusalem. Une c\u00e9r\u00e9monie en pr\u00e9sence du Premier ministre isra\u00e9lien Netanyahu et du pr\u00e9sident du Guatemala Jimmy Morales. Avec notre correspondant \u00e0 J\u00e9rusalem,\u00a0Michel Paul A aucun moment il n\u2019a \u00e9t\u00e9 question\u00a0des \u00e9v\u00e9nements sanglants \u00e0 Gaza\u00a0au cours d&rsquo;une c\u00e9r\u00e9monie [&hellip;]<\/p>\n","protected":false},"author":2,"featured_media":618,"comment_status":"open","ping_status":"closed","sticky":false,"template":"","format":"standard","meta":{"buzzeditor_post_format":"","footnotes":""},"categories":[1],"tags":[],"class_list":["post-617","post","type-post","status-publish","format-standard","has-post-thumbnail","hentry","category-non-classe"],"jetpack_featured_media_url":"https:\/\/guineechrono.com\/wp-content\/uploads\/2018\/05\/israel-guatemala-embassy_0.jpg","amp_enabled":true,"_links":{"self":[{"href":"https:\/\/guineechrono.com\/index.php\/wp-json\/wp\/v2\/posts\/617","targetHints":{"allow":["GET"]}}],"collection":[{"href":"https:\/\/guineechrono.com\/index.php\/wp-json\/wp\/v2\/posts"}],"about":[{"href":"https:\/\/guineechrono.com\/index.php\/wp-json\/wp\/v2\/types\/post"}],"author":[{"embeddable":true,"href":"https:\/\/guineechrono.com\/index.php\/wp-json\/wp\/v2\/users\/2"}],"replies":[{"embeddable":true,"href":"https:\/\/guineechrono.com\/index.php\/wp-json\/wp\/v2\/comments?post=617"}],"version-history":[{"count":0,"href":"https:\/\/guineechrono.com\/index.php\/wp-json\/wp\/v2\/posts\/617\/revisions"}],"wp:featuredmedia":[{"embeddable":true,"href":"https:\/\/guineechrono.com\/index.php\/wp-json\/wp\/v2\/media\/618"}],"wp:attachment":[{"href":"https:\/\/guineechrono.com\/index.php\/wp-json\/wp\/v2\/media?parent=617"}],"wp:term":[{"taxonomy":"category","embeddable":true,"href":"https:\/\/guineechrono.com\/index.php\/wp-json\/wp\/v2\/categories?post=617"},{"taxonomy":"post_tag","embeddable":true,"href":"https:\/\/guineechrono.com\/index.php\/wp-json\/wp\/v2\/tags?post=617"}],"curies":[{"name":"wp","href":"https:\/\/api.w.org\/{rel}","templated":true}]}}