{"id":6181,"date":"2019-07-04T15:53:48","date_gmt":"2019-07-04T14:53:48","guid":{"rendered":"http:\/\/guineechrono.com\/?p=6181"},"modified":"2019-07-04T15:53:48","modified_gmt":"2019-07-04T14:53:48","slug":"assemblee-nationale-la-premiere-session-ordinaire-de-lannee-2019-prend-fin-ce-vendredi","status":"publish","type":"post","link":"https:\/\/guineechrono.com\/index.php\/assemblee-nationale-la-premiere-session-ordinaire-de-lannee-2019-prend-fin-ce-vendredi\/","title":{"rendered":"Assembl\u00e9e Nationale : la premi\u00e8re session ordinaire de l\u2019ann\u00e9e 2019 prend fin ce vendredi"},"content":{"rendered":"<p>Dans un communiqu\u00e9 lu \u00e0 la t\u00e9l\u00e9vision nationale, le pr\u00e9sident de l\u2019assembl\u00e9e nationale a annonc\u00e9 la cl\u00f4ture de la premi\u00e8re session ordinaire de l\u2019ann\u00e9e 2019, dite session des lois ouverte le 05 avril 2019.<\/p>\n<p>Selon ce communiqu\u00e9, la cl\u00f4ture aura lieu le vendredi 05 juillet 2019 \u00e0 11h pr\u00e9cise \u00e0 l\u2019h\u00e9micycle du palais du peuple.<\/p>\n<p>A cette occasion, l\u2019honorable Claude Kory Kondiano, invite \u00e0 prendre part \u00e0 cette c\u00e9r\u00e9monie solennelle, le premier ministre chef du gouvernement, le ministre charg\u00e9 des relations avec les institutions\u00a0\u00a0constitutionnelles, les pr\u00e9sidents des institutions constitutionnelles, le ministre secr\u00e9taire g\u00e9n\u00e9ral de la pr\u00e9sidence de la r\u00e9publique et autres personnalit\u00e9s du pays et des corps diplomatiques et consulaires.<\/p>\n<p><strong>La r\u00e9daction <\/strong><\/p>\n","protected":false},"excerpt":{"rendered":"<p>Dans un communiqu\u00e9 lu \u00e0 la t\u00e9l\u00e9vision nationale, le pr\u00e9sident de l\u2019assembl\u00e9e nationale a annonc\u00e9 la cl\u00f4ture de la premi\u00e8re session ordinaire de l\u2019ann\u00e9e 2019, dite session des lois ouverte le 05 avril 2019. Selon ce communiqu\u00e9, la cl\u00f4ture aura lieu le vendredi 05 juillet 2019 \u00e0 11h pr\u00e9cise \u00e0 l\u2019h\u00e9micycle du palais du peuple. [&hellip;]<\/p>\n","protected":false},"author":2,"featured_media":6182,"comment_status":"open","ping_status":"closed","sticky":false,"template":"","format":"standard","meta":{"buzzeditor_post_format":"","footnotes":""},"categories":[1],"tags":[],"class_list":["post-6181","post","type-post","status-publish","format-standard","has-post-thumbnail","hentry","category-non-classe"],"jetpack_featured_media_url":"https:\/\/guineechrono.com\/wp-content\/uploads\/2019\/07\/parlement.jpg","amp_enabled":true,"_links":{"self":[{"href":"https:\/\/guineechrono.com\/index.php\/wp-json\/wp\/v2\/posts\/6181","targetHints":{"allow":["GET"]}}],"collection":[{"href":"https:\/\/guineechrono.com\/index.php\/wp-json\/wp\/v2\/posts"}],"about":[{"href":"https:\/\/guineechrono.com\/index.php\/wp-json\/wp\/v2\/types\/post"}],"author":[{"embeddable":true,"href":"https:\/\/guineechrono.com\/index.php\/wp-json\/wp\/v2\/users\/2"}],"replies":[{"embeddable":true,"href":"https:\/\/guineechrono.com\/index.php\/wp-json\/wp\/v2\/comments?post=6181"}],"version-history":[{"count":0,"href":"https:\/\/guineechrono.com\/index.php\/wp-json\/wp\/v2\/posts\/6181\/revisions"}],"wp:featuredmedia":[{"embeddable":true,"href":"https:\/\/guineechrono.com\/index.php\/wp-json\/wp\/v2\/media\/6182"}],"wp:attachment":[{"href":"https:\/\/guineechrono.com\/index.php\/wp-json\/wp\/v2\/media?parent=6181"}],"wp:term":[{"taxonomy":"category","embeddable":true,"href":"https:\/\/guineechrono.com\/index.php\/wp-json\/wp\/v2\/categories?post=6181"},{"taxonomy":"post_tag","embeddable":true,"href":"https:\/\/guineechrono.com\/index.php\/wp-json\/wp\/v2\/tags?post=6181"}],"curies":[{"name":"wp","href":"https:\/\/api.w.org\/{rel}","templated":true}]}}