{"id":6201,"date":"2019-07-05T13:21:09","date_gmt":"2019-07-05T12:21:09","guid":{"rendered":"http:\/\/guineechrono.com\/?p=6201"},"modified":"2019-07-05T13:21:09","modified_gmt":"2019-07-05T12:21:09","slug":"examens-nationaux-session-2019-declaration-du-ministre-de-leducation-nationale-et-de-lalphabetisation","status":"publish","type":"post","link":"https:\/\/guineechrono.com\/index.php\/examens-nationaux-session-2019-declaration-du-ministre-de-leducation-nationale-et-de-lalphabetisation\/","title":{"rendered":"Examens nationaux session 2019 : d\u00e9claration du ministre de l\u2019\u00e9ducation nationale et de l\u2019alphab\u00e9tisation"},"content":{"rendered":"<p><strong>Conakry le 04 juillet 2019 \u2013<\/strong><\/p>\n<p>Chers parents d\u2019\u00e9l\u00e8ves ;<\/p>\n<p>Chers enseignants ;<\/p>\n<p>Chers \u00e9l\u00e8ves candidats aux diff\u00e9rents examens nationaux ;<\/p>\n<p>Mesdames et messieurs les partenaires sociaux ;<\/p>\n<p>Mesdames et messieurs les partenaires techniques et financiers;<\/p>\n<p>Mesdames et messieurs;<\/p>\n<p>Il vous souviendra que l\u2019ann\u00e9e scolaire 2018-2019 a \u00e9t\u00e9 marqu\u00e9e par des gr\u00e8ves qui ont perturb\u00e9 son d\u00e9roulement normal pendant le premier trimestre. Pour g\u00e9rer les effets de la crise et pour rester dans l\u2019esprit de la justice sociale en vue de placer tous les candidats sur un m\u00eame pied d\u2019\u00e9galit\u00e9, mon d\u00e9partement a \u00e9t\u00e9 amen\u00e9 \u00e0 prendre des dispositions dont entre autres: la prorogation du temps d\u2019\u00e9tudes pendant l\u2019ann\u00e9e scolaire.<\/p>\n<p>A ce jour, me fondant sur les rapports des inspecteurs r\u00e9gionaux, des directeurs pr\u00e9fectoraux et communaux de l\u2019\u00e9ducation parvenus \u00e0 mon cabinet, je peux vous affirmer que les programmes d\u2019\u00e9tudes notamment ceux des classes d\u2019examens sont achev\u00e9s. Par ailleurs l\u2019organisation des ateliers r\u00e9gionaux des examens nous a permis non seulement de faire le point sur les pr\u00e9paratifs mais aussi et surtout d\u2019amener les acteurs et partenaires \u00e0 se pencher sur les diff\u00e9rents maillons du processus d\u2019 \u00e9valuation certificative en vue d\u2019identifier les insuffisances au niveau de l\u2019organisation et de prendre les dispositions pour corriger \u00e9ventuellement des d\u00e9viances de la session pr\u00e9c\u00e9dente dans la perspective d\u2019un d\u00e9roulement correct des examens .<\/p>\n<p>Un accent particulier a \u00e9t\u00e9 mis sur le respect strict et rigoureux du code des examens par des acteurs impliqu\u00e9s. Des vives recommandations ont \u00e9t\u00e9 faites pour renforcer le dispositif de cr\u00e9dibilisation des examens de la session 2019. A ce jour, les pr\u00e9paratifs des examens sont boucl\u00e9s, les centres d\u2019examens sont identifi\u00e9s et am\u00e9nag\u00e9s, les diff\u00e9rentes commissions constitu\u00e9es, les proc\u00e8s-verbaux \u00e9tablis, le mat\u00e9riel achemin\u00e9.<\/p>\n<p>Les examens nationaux se d\u00e9rouleront sur toute l\u2019\u00e9tendue du territoire national du 04 au 19 juillet 2019 selon le calendrier suivant:\u00a0certificat de fin d\u2019\u00e9tudes \u00e9l\u00e9mentaires du jeudi 04 au samedi 06 juillet 2019<\/p>\n<p>Brevet d\u2019\u00e9tudes du premier cycle du lundi 08 au samedi 13 juillet 2019<\/p>\n<p>Baccalaur\u00e9at unique du lundi 15 au vendredi 19 juillet 2019.<\/p>\n<p>Mesdames et messieurs;<\/p>\n<p>Je voudrais saisir cette opportunit\u00e9 qui m\u2019est offerte pour remercier son excellence Monsieur le Pr\u00e9sident de la R\u00e9publique Pr Alpha Cond\u00e9, le gouvernement, l\u2019ensemble des acteurs, les partenaires sociaux du syst\u00e8me \u00e9ducatif ainsi que toutes les bonnes volont\u00e9s qui se sont investis dans la recherche d\u2019une solution apais\u00e9e de sortie de crise en g\u00e9n\u00e9rale.<\/p>\n<p>Il me revient de remercier particuli\u00e8rement les membres des associations des parents d\u2019\u00e9l\u00e8ves et amis de l\u2019\u00e9cole pour leur participation active et salutaire \u00e0 l\u2019encadrement et \u00e0 la gestion de nos jeunes apprenants en p\u00e9riode de crise et de poste crise. Leur attitude responsable a permis de maintenir la qui\u00e9tude dans la cit\u00e9 et d\u2019\u00e9viter de transporter les d\u00e9bats dans la rue.<\/p>\n<p>Mesdames et Messieurs ;<\/p>\n<p>Il me para\u00eet important de lancer un appel solennel \u00e0 l\u2019ensemble des acteurs impliqu\u00e9s dans la conduite et la gestion des examens nationaux candidats, enseignants , encadreurs , parents d\u2019\u00e9l\u00e8ves, partenaires sociaux , autorit\u00e9s \u00e0 tous les niveaux \u00e0 resserrer les rangs afin de cr\u00e9dibiliser d\u2019avantage l\u2019ensemble du processus d\u2019\u00e9valuation certificative.<\/p>\n<p>La session 2019 plac\u00e9e \u00e0 l\u2019instar des pr\u00e9c\u00e9dentes sessions sous le signe de la tol\u00e9rance z\u00e9ro vers l\u2019excellence sera marqu\u00e9e par l\u2019application rigoureuse de l\u2019arr\u00eat\u00e9 conjoint n\u00ba 2015\/3609\/MEPU-A MEPFTETF du 20 juin 2015 portant r\u00e9pression des fautes, de la fraude ou tentatives de fraude. Cette mesure vise \u00e0 asseoir chez nos \u00e9l\u00e8ves candidats au tant que chez nos encadreurs et enseignants un sens aigu de la responsabilit\u00e9 dans la prise en compte des efforts personnels de chaque apprenant.<\/p>\n<p>Mesdames et messieurs;<\/p>\n<p>Ils sont 475.089 candidats \u00e0 se pr\u00e9senter aux diff\u00e9rents examens nationaux. Ils sont r\u00e9partis comme suit :<\/p>\n<p>Examen de fin d\u2019\u00e9tudes \u00e9l\u00e9mentaire 228.869 candidats dont 98.615 filles<\/p>\n<p>Brevet d\u2019\u00e9tudes du premier cycle 149.543 candidats dont 64.600 filles<\/p>\n<p>Baccalaur\u00e9at unique tous profils confondus 96.677 candidats dont 35.895 filles.<\/p>\n<p>Ces candidats passeront leurs \u00e9preuves dans 1017 centres. La session 2019 au regard des perturbations enregistr\u00e9es en d\u00e9but d\u2019ann\u00e9e scolaire est \u00e0 consid\u00e9rer comme un autre d\u00e9fi \u00e0 relever. Pour y parvenir nous devons exiger de nous un large partage de responsabilit\u00e9 avec tous les acteurs \u00e0 la base notamment les enseignants, les parents d\u2019\u00e9l\u00e8ves, \u00e9lus syndicaux, les encadreurs de l\u2019administration scolaire et les administrateurs territoriaux. Il ne sera pas vain de rappeler aux uns et aux autres les imp\u00e9ratifs de vigilance et de rigueur qui doivent nous guider dans chaque acte tout au long du d\u00e9roulement de ces examens pour donner un caract\u00e8re cr\u00e9dible et sans conteste \u00e0 nos r\u00e9sultats.<\/p>\n<p>Mesdames et messieurs<\/p>\n<p>Chers candidats et candidates<\/p>\n<p>Je puis vous rassurer que le gouvernement a pris toutes les dispositions n\u00e9cessaires pour le bon d\u00e9roulement des diff\u00e9rents examens. C\u2019est pourquoi j\u2019exhorte nos \u00e9l\u00e8ves candidats \u00e0 redoubler d\u2019ardeur dans leur pr\u00e9paration aux examens et surtout \u00e0 rester sereins durant tout le d\u00e9roulent de leurs \u00e9preuves.<\/p>\n<p>Mesdames et Messieurs, permettez-moi enfin d\u2019exprimer toute ma gratitude \u00e0 l\u2019endroit de nos partenaires techniques, financiers et sociaux, pour leur appui constant au d\u00e9veloppement de l\u2019\u00e9cole guin\u00e9enne.<\/p>\n<p>Je ne saurais terminer sans remercier encore une fois au nom de l\u2019ensemble des acteurs du syst\u00e8me \u00e9ducatif son Excellence Monsieur le Pr\u00e9sident de la R\u00e9publique Pr Alpha CONDE et son gouvernement pour le soutien qu\u2019ils ne cessent d\u2019apporter au secteur de l\u2019\u00e9ducation.<\/p>\n<p>Bonne chance aux candidates et candidats \u00e0 tous les examens.<\/p>\n<p>Vive l\u2019\u00e9cole guin\u00e9enne<\/p>\n<p>Vive l\u2019excellence scolaire.<\/p>\n<p>Je vous remercie<\/p>\n<p><em><strong>Mory Sangar\u00e9<\/strong><\/em><\/p>\n<p><em><strong>Ministre de l\u2019Education Nationale et de l\u2019Alphab\u00e9tisation<\/strong><\/em><\/p>\n<p><strong>Transmis par la Cellule de Communication du Gouvernement\u00a0<\/strong><\/p>\n<p>&nbsp;<\/p>\n","protected":false},"excerpt":{"rendered":"<p>Conakry le 04 juillet 2019 \u2013 Chers parents d\u2019\u00e9l\u00e8ves ; Chers enseignants ; Chers \u00e9l\u00e8ves candidats aux diff\u00e9rents examens nationaux ; Mesdames et messieurs les partenaires sociaux ; Mesdames et messieurs les partenaires techniques et financiers; Mesdames et messieurs; Il vous souviendra que l\u2019ann\u00e9e scolaire 2018-2019 a \u00e9t\u00e9 marqu\u00e9e par des gr\u00e8ves qui ont perturb\u00e9 [&hellip;]<\/p>\n","protected":false},"author":2,"featured_media":6202,"comment_status":"open","ping_status":"closed","sticky":false,"template":"","format":"standard","meta":{"buzzeditor_post_format":"","footnotes":""},"categories":[1],"tags":[],"class_list":["post-6201","post","type-post","status-publish","format-standard","has-post-thumbnail","hentry","category-non-classe"],"jetpack_featured_media_url":"https:\/\/guineechrono.com\/wp-content\/uploads\/2019\/07\/mory2.jpg","amp_enabled":true,"_links":{"self":[{"href":"https:\/\/guineechrono.com\/index.php\/wp-json\/wp\/v2\/posts\/6201","targetHints":{"allow":["GET"]}}],"collection":[{"href":"https:\/\/guineechrono.com\/index.php\/wp-json\/wp\/v2\/posts"}],"about":[{"href":"https:\/\/guineechrono.com\/index.php\/wp-json\/wp\/v2\/types\/post"}],"author":[{"embeddable":true,"href":"https:\/\/guineechrono.com\/index.php\/wp-json\/wp\/v2\/users\/2"}],"replies":[{"embeddable":true,"href":"https:\/\/guineechrono.com\/index.php\/wp-json\/wp\/v2\/comments?post=6201"}],"version-history":[{"count":0,"href":"https:\/\/guineechrono.com\/index.php\/wp-json\/wp\/v2\/posts\/6201\/revisions"}],"wp:featuredmedia":[{"embeddable":true,"href":"https:\/\/guineechrono.com\/index.php\/wp-json\/wp\/v2\/media\/6202"}],"wp:attachment":[{"href":"https:\/\/guineechrono.com\/index.php\/wp-json\/wp\/v2\/media?parent=6201"}],"wp:term":[{"taxonomy":"category","embeddable":true,"href":"https:\/\/guineechrono.com\/index.php\/wp-json\/wp\/v2\/categories?post=6201"},{"taxonomy":"post_tag","embeddable":true,"href":"https:\/\/guineechrono.com\/index.php\/wp-json\/wp\/v2\/tags?post=6201"}],"curies":[{"name":"wp","href":"https:\/\/api.w.org\/{rel}","templated":true}]}}