{"id":6214,"date":"2019-07-06T14:32:54","date_gmt":"2019-07-06T13:32:54","guid":{"rendered":"http:\/\/guineechrono.com\/?p=6214"},"modified":"2019-07-06T14:32:54","modified_gmt":"2019-07-06T13:32:54","slug":"decret-alpha-conde-nomme-des-cadres-au-ministere-de-leconomie-des-finances","status":"publish","type":"post","link":"https:\/\/guineechrono.com\/index.php\/decret-alpha-conde-nomme-des-cadres-au-ministere-de-leconomie-des-finances\/","title":{"rendered":"D\u00e9cret : Alpha Cond\u00e9 nomme des cadres au minist\u00e8re de l\u2019\u00e9conomie des finances"},"content":{"rendered":"<p><strong>Dans un d\u00e9cret lu hier soir, vendredi 05 juillet 2019, \u00e0 la t\u00e9l\u00e9vision nationale, le pr\u00e9sident de la R\u00e9publique, Alpha Cond\u00e9, a nomm\u00e9 plusieurs hauts cadres au minist\u00e8re de l\u2019Economie et des Finances.<\/strong><\/p>\n<p>Ci-dessous la liste des personnalit\u00e9s nomm\u00e9es.<\/p>\n<p>1- Secr\u00e9taire g\u00e9n\u00e9rale : madame Bountouraby Yattara, pr\u00e9c\u00e9demment directrice nationale du patrimoine de l\u2019Etat et des investissements priv\u00e9s<\/p>\n<p>2- Chef de cabinet : Mamady Kaba, pr\u00e9c\u00e9demment conseiller principal<\/p>\n<p>3- Conseiller principal : monsieur Joachim Lamah, pr\u00e9c\u00e9demment secr\u00e9taire g\u00e9n\u00e9ral<\/p>\n<p>4- Conseiller juridique : monsieur Moussa Ciss\u00e9, confirm\u00e9<\/p>\n<p>5- Conseiller charg\u00e9 des finances publiques : monsieur Mamadou Gando Bah<\/p>\n<p>6- Conseiller charg\u00e9 des questions \u00e9conomiques mon\u00e9taires : monsieur Bakary Sylla, pr\u00e9c\u00e9demment chef de cabinet<\/p>\n<p>7- Conseiller charg\u00e9 des relations avec les partenaires au d\u00e9veloppement : monsieur Lancinet Cond\u00e9, pr\u00e9c\u00e9demment directeur g\u00e9n\u00e9ral des \u00e9tudes \u00e9conomiques et de la pr\u00e9vision<\/p>\n<p>8- Conseiller charg\u00e9 des investissements publics : monsieur Mamadou Doumbouya, confirm\u00e9<\/p>\n<p>9- Conseiller charg\u00e9 de mission : madame A\u00efssatou Soumah, juriste en service au minist\u00e8re de l\u2019Economie et des Finances<\/p>\n<p>10- Directeur national des \u00e9tudes \u00e9conomiques et de la pr\u00e9vision, monsieur Alhassane Diallo, \u00e9conomiste statisticien en service \u00e0 l\u2019agence mon\u00e9taire de l\u2019Afrique de l\u2019Ouest<\/p>\n<p>11- Directeur national adjoint des \u00e9tudes \u00e9conomiques et de la pr\u00e9vision : monsieur Abdoulaye Ibrahima Diallo en service au minist\u00e8re du plan et du d\u00e9veloppement \u00e9conomique<\/p>\n<p>12- Directrice nationale de la dette et de l\u2019aide publique au d\u00e9veloppement : monsieur S\u00e9kou Kand\u00e8, \u00e9conomiste, analyste financier, pr\u00e9c\u00e9demment en service \u00e0 l\u2019inspection g\u00e9n\u00e9rale d\u2019Etat<\/p>\n<p>13- Directeur national du tr\u00e9sor et de la comptabilit\u00e9 publique : Dr Mamady Dian\u00e9, confirm\u00e9<\/p>\n<p>14- Directrice nationale adjointe du tr\u00e9sor et de la comptabilit\u00e9 : madame Sibili Pivi, confirm\u00e9e<\/p>\n<p>15- Directeur national du patrimoine de l\u2019Etat et des investissements priv\u00e9s : monsieur Ibrahima Kalil Sidib\u00e9, pr\u00e9c\u00e9demment chef de division \u00e0 la direction nationale du patrimoine de l\u2019Etat et des investissements publics<\/p>\n<p>16- Directeur national adjoint du patrimoine de l\u2019Etat et des investissements priv\u00e9s : monsieur Ibrahima Mamady Tour\u00e9, confirm\u00e9<\/p>\n<p>17- Directrice nationale du contr\u00f4le des march\u00e9s publics : madame Tour\u00e9 Fatoumata Bangoura, pr\u00e9c\u00e9demment directrice nationale du contr\u00f4le des march\u00e9s publics<\/p>\n<p>18- Directeur national adjoint du contr\u00f4le des march\u00e9s publics : monsieur Namory Camara, pr\u00e9c\u00e9demment directeur adjoint des march\u00e9s publics<\/p>\n<p>19- Directeur national du contr\u00f4le financier : madame Delphine Dor\u00e9, confirm\u00e9<\/p>\n<p>20- Inspecteur g\u00e9n\u00e9ral des Finances : monsieur Lamine Sanoh, confirm\u00e9<\/p>\n<p>21- Inspecteur g\u00e9n\u00e9ral adjoint des Finances : monsieur Mamadou Bald\u00e9, confirm\u00e9<\/p>\n<p><strong>R\u00e9daction <\/strong><\/p>\n","protected":false},"excerpt":{"rendered":"<p>Dans un d\u00e9cret lu hier soir, vendredi 05 juillet 2019, \u00e0 la t\u00e9l\u00e9vision nationale, le pr\u00e9sident de la R\u00e9publique, Alpha Cond\u00e9, a nomm\u00e9 plusieurs hauts cadres au minist\u00e8re de l\u2019Economie et des Finances. Ci-dessous la liste des personnalit\u00e9s nomm\u00e9es. 1- Secr\u00e9taire g\u00e9n\u00e9rale : madame Bountouraby Yattara, pr\u00e9c\u00e9demment directrice nationale du patrimoine de l\u2019Etat et des [&hellip;]<\/p>\n","protected":false},"author":2,"featured_media":6215,"comment_status":"open","ping_status":"closed","sticky":false,"template":"","format":"standard","meta":{"buzzeditor_post_format":"","footnotes":""},"categories":[1],"tags":[],"class_list":["post-6214","post","type-post","status-publish","format-standard","has-post-thumbnail","hentry","category-non-classe"],"jetpack_featured_media_url":"https:\/\/guineechrono.com\/wp-content\/uploads\/2019\/07\/decret.jpg","amp_enabled":true,"_links":{"self":[{"href":"https:\/\/guineechrono.com\/index.php\/wp-json\/wp\/v2\/posts\/6214","targetHints":{"allow":["GET"]}}],"collection":[{"href":"https:\/\/guineechrono.com\/index.php\/wp-json\/wp\/v2\/posts"}],"about":[{"href":"https:\/\/guineechrono.com\/index.php\/wp-json\/wp\/v2\/types\/post"}],"author":[{"embeddable":true,"href":"https:\/\/guineechrono.com\/index.php\/wp-json\/wp\/v2\/users\/2"}],"replies":[{"embeddable":true,"href":"https:\/\/guineechrono.com\/index.php\/wp-json\/wp\/v2\/comments?post=6214"}],"version-history":[{"count":0,"href":"https:\/\/guineechrono.com\/index.php\/wp-json\/wp\/v2\/posts\/6214\/revisions"}],"wp:featuredmedia":[{"embeddable":true,"href":"https:\/\/guineechrono.com\/index.php\/wp-json\/wp\/v2\/media\/6215"}],"wp:attachment":[{"href":"https:\/\/guineechrono.com\/index.php\/wp-json\/wp\/v2\/media?parent=6214"}],"wp:term":[{"taxonomy":"category","embeddable":true,"href":"https:\/\/guineechrono.com\/index.php\/wp-json\/wp\/v2\/categories?post=6214"},{"taxonomy":"post_tag","embeddable":true,"href":"https:\/\/guineechrono.com\/index.php\/wp-json\/wp\/v2\/tags?post=6214"}],"curies":[{"name":"wp","href":"https:\/\/api.w.org\/{rel}","templated":true}]}}