{"id":6289,"date":"2019-07-08T17:05:21","date_gmt":"2019-07-08T16:05:21","guid":{"rendered":"http:\/\/guineechrono.com\/?p=6289"},"modified":"2019-07-08T17:05:21","modified_gmt":"2019-07-08T16:05:21","slug":"rdc-lex-chef-de-guerre-bosco-ntaganda-condamne-par-la-cpi","status":"publish","type":"post","link":"https:\/\/guineechrono.com\/index.php\/rdc-lex-chef-de-guerre-bosco-ntaganda-condamne-par-la-cpi\/","title":{"rendered":"RDC: l\u2019ex-chef de guerre Bosco Ntaganda condamn\u00e9 par la CPI"},"content":{"rendered":"<p>\u00c0 La Haye, Bosco Ntaganda a \u00e9t\u00e9 reconnu coupable par la Cour p\u00e9nale internationale (CPI) de crimes de guerre et crimes contre l&rsquo;humanit\u00e9. L\u2019ancien chef de milice, aujourd&rsquo;hui \u00e2g\u00e9 de 45 ans, a jou\u00e9 un r\u00f4le d\u00e9terminant, selon la CPI, dans les atrocit\u00e9s commises en 2002 et 2003 en Ituri, dans le nord-est de la R\u00e9publique d\u00e9mocratique du Congo.<\/p>\n<p><a href=\"http:\/\/www.rfi.fr\/afrique\/20190708-cpi-rdc-jugement-attendu-bosco-ntaganda\">L\u2019ancien chef de guerre <\/a>a \u00e9t\u00e9 reconnu coupable de 18 chefs d\u2019accusation. La litanie des crimes que le juge a d\u00e9roul\u00e9s lors de l\u2019audience face \u00e0 un Bosco Ntaganda assez impassible est assez longue\u00a0: coupable de meurtre, d\u2019attaques contre des civils pour des motifs ethniques, coupable de viol, d\u2019esclavage sexuel, de pillage.<\/p>\n<p>L\u2019ex-commandant en second de la branche arm\u00e9e de l\u2019UPC, qui \u00e9tait l\u2019une des nombreuses milices qui s\u00e9vissait dans la r\u00e9gion en 2002 et 2003, est condamn\u00e9 en qualit\u00e9 de chef pour les ordres donn\u00e9s lors des op\u00e9rations de ratissage comme l\u2019avaient racont\u00e9 des t\u00e9moins. Des op\u00e9rations militaires qui visaient \u00e0 s\u2019emparer de cette r\u00e9gion mini\u00e8re.<\/p>\n<p>\u00c0 la lecture du verdict, le pr\u00e9sident s\u2019est longuement arr\u00eat\u00e9 sur le massacre de Kobou, o\u00f9 des hommes, des femmes, des enfants et m\u00eame des b\u00e9b\u00e9s avaient \u00e9t\u00e9 massacr\u00e9s dans une bananeraie. Les juges ont aussi reconnu Ntaganda coupable de l\u2019assassinat d\u2019un pr\u00eatre dans la ville de Mongbwalu, qui \u00e9tait qualifi\u00e9e de \u00ab ville des chercheurs d\u2019or \u00bb par diff\u00e9rents t\u00e9moins.<\/p>\n<p>C\u2019est donc presque un sans-faute pour le procureur. Presque, parce qu\u2019\u00e0 45 ans, Bosco Ntaganda a une longue carri\u00e8re de milicien, puisqu\u2019il avait rejoint sa premi\u00e8re milice alors qu\u2019il n\u2019avait que 17 ans. Il n\u2019a ensuite jamais cess\u00e9 de faire la guerre, mais les accusations de la Cour ne portaient<a href=\"http:\/\/www.rfi.fr\/afrique\/20180829-proces-bosco-ntaganda-accusation-viol-iturri-rdc-upc-cpi-avocats\"> que sur les crimes de 2002 et 2003.<\/a><\/p>\n<p>La sentence sera prononc\u00e9e dans les prochaines semaines, apr\u00e8s de nouvelles audiences. L\u2019ex-milicien risque jusqu\u2019\u00e0 trente ans de prison. On peut s\u2019attendre \u00e0 ce que le procureur requiert la peine la plus lourde, puisque Bosco Ntaganda a \u00e9t\u00e9 reconnu coupable de tous les crimes qui lui ont \u00e9t\u00e9 reproch\u00e9s.<\/p>\n<p>Ces nouvelles audiences sur la sentence n\u2019emp\u00eachent pas les victimes d\u2019enclencher d\u00e8s maintenant la proc\u00e9dure de demande de r\u00e9parations. Pr\u00e8s de 2\u00a0200 victimes ont \u00e9t\u00e9 repr\u00e9sent\u00e9es depuis le d\u00e9but de cette affaire, lors des quatre ans de proc\u00e8s, et sont donc en droit de demander de telles r\u00e9parations dont le montant et la nature seront d\u00e9cid\u00e9s par les juges.<\/p>\n<p>La seule difficult\u00e9 est que, pour l\u2019instant, la CPI n\u2019a pas \u00e9t\u00e9 tr\u00e8s efficace sur cette question. Le milicien Thomas Lubanga, avec lequel Bosco Ntaganda avait combattu dans l\u2019est de la RDC, a \u00e9t\u00e9 condamn\u00e9 par la Cour en 2012, mais les victimes n\u2019ont toujours pas vu la couleur de ces fameuses r\u00e9parations.<\/p>\n<p><strong>Rfi.fr<\/strong><\/p>\n","protected":false},"excerpt":{"rendered":"<p>\u00c0 La Haye, Bosco Ntaganda a \u00e9t\u00e9 reconnu coupable par la Cour p\u00e9nale internationale (CPI) de crimes de guerre et crimes contre l&rsquo;humanit\u00e9. L\u2019ancien chef de milice, aujourd&rsquo;hui \u00e2g\u00e9 de 45 ans, a jou\u00e9 un r\u00f4le d\u00e9terminant, selon la CPI, dans les atrocit\u00e9s commises en 2002 et 2003 en Ituri, dans le nord-est de la [&hellip;]<\/p>\n","protected":false},"author":2,"featured_media":6290,"comment_status":"open","ping_status":"closed","sticky":false,"template":"","format":"standard","meta":{"buzzeditor_post_format":"","footnotes":""},"categories":[1],"tags":[],"class_list":["post-6289","post","type-post","status-publish","format-standard","has-post-thumbnail","hentry","category-non-classe"],"jetpack_featured_media_url":"https:\/\/guineechrono.com\/wp-content\/uploads\/2019\/07\/guerre2.jpg","amp_enabled":true,"_links":{"self":[{"href":"https:\/\/guineechrono.com\/index.php\/wp-json\/wp\/v2\/posts\/6289","targetHints":{"allow":["GET"]}}],"collection":[{"href":"https:\/\/guineechrono.com\/index.php\/wp-json\/wp\/v2\/posts"}],"about":[{"href":"https:\/\/guineechrono.com\/index.php\/wp-json\/wp\/v2\/types\/post"}],"author":[{"embeddable":true,"href":"https:\/\/guineechrono.com\/index.php\/wp-json\/wp\/v2\/users\/2"}],"replies":[{"embeddable":true,"href":"https:\/\/guineechrono.com\/index.php\/wp-json\/wp\/v2\/comments?post=6289"}],"version-history":[{"count":0,"href":"https:\/\/guineechrono.com\/index.php\/wp-json\/wp\/v2\/posts\/6289\/revisions"}],"wp:featuredmedia":[{"embeddable":true,"href":"https:\/\/guineechrono.com\/index.php\/wp-json\/wp\/v2\/media\/6290"}],"wp:attachment":[{"href":"https:\/\/guineechrono.com\/index.php\/wp-json\/wp\/v2\/media?parent=6289"}],"wp:term":[{"taxonomy":"category","embeddable":true,"href":"https:\/\/guineechrono.com\/index.php\/wp-json\/wp\/v2\/categories?post=6289"},{"taxonomy":"post_tag","embeddable":true,"href":"https:\/\/guineechrono.com\/index.php\/wp-json\/wp\/v2\/tags?post=6289"}],"curies":[{"name":"wp","href":"https:\/\/api.w.org\/{rel}","templated":true}]}}