{"id":632,"date":"2018-05-20T22:22:03","date_gmt":"2018-05-20T21:22:03","guid":{"rendered":"http:\/\/guineechrono.com\/?p=632"},"modified":"2018-05-21T17:30:18","modified_gmt":"2018-05-21T16:30:18","slug":"football-mario-balotelli-rappele-en-selection-italienne","status":"publish","type":"post","link":"https:\/\/guineechrono.com\/index.php\/football-mario-balotelli-rappele-en-selection-italienne\/","title":{"rendered":"Football: Mario balotelli rappel\u00e9 en s\u00e9lection italienne"},"content":{"rendered":"<p><a href=\"http:\/\/guineechrono.com\/wp-content\/uploads\/2018\/05\/Screenshot_20180520-222649.jpg\"><img fetchpriority=\"high\" decoding=\"async\" class=\"alignnone size-medium wp-image-623\" src=\"http:\/\/guineechrono.com\/wp-content\/uploads\/2018\/05\/Screenshot_20180520-222649-300x170.jpg\" alt=\"\" width=\"300\" height=\"170\" srcset=\"https:\/\/guineechrono.com\/wp-content\/uploads\/2018\/05\/Screenshot_20180520-222649-300x170.jpg 300w, https:\/\/guineechrono.com\/wp-content\/uploads\/2018\/05\/Screenshot_20180520-222649-696x395.jpg 696w, https:\/\/guineechrono.com\/wp-content\/uploads\/2018\/05\/Screenshot_20180520-222649.jpg 714w\" sizes=\"(max-width: 300px) 100vw, 300px\" \/><\/a><\/p>\n<p><strong>Alors qu\u2019il a annonc\u00e9 quitter Nice \u00e0 la fin de la saison, Mario Balotelli va revenir \u00e0 l\u2019Allianz Riviera mais avec la s\u00e9lection italienne. En effet, Roberto Mancini l\u2019a appel\u00e9 pour les matches amicaux contre l\u2019Arabie Saoudite, la France et les Pays-Bas. L\u2019attaquant n\u2019avait plus jou\u00e9 avec la Nazionale depuis le Mondial 2014.<\/strong><\/p>\n<p>L\u2019attaquant Mario Balotelli, qui a retrouv\u00e9 l\u2019efficacit\u00e9 depuis deux saisons \u00e0 Nice, a \u00e9t\u00e9 rappel\u00e9 en \u00e9quipe d\u2019Italie samedi par le nouveau s\u00e9lectionneur Roberto Mancini pour trois matches amicaux face \u00e0 l\u2019Arabie Saoudite, \u00e0 la France et aux Pays-Bas.<\/p>\n<p><a href=\"http:\/\/guineechrono.com\/wp-content\/uploads\/2018\/05\/Screenshot_20180520-222523.jpg\"><img decoding=\"async\" class=\"alignnone size-medium wp-image-630\" src=\"http:\/\/guineechrono.com\/wp-content\/uploads\/2018\/05\/Screenshot_20180520-222523-228x300.jpg\" alt=\"\" width=\"228\" height=\"300\" srcset=\"https:\/\/guineechrono.com\/wp-content\/uploads\/2018\/05\/Screenshot_20180520-222523-228x300.jpg 228w, https:\/\/guineechrono.com\/wp-content\/uploads\/2018\/05\/Screenshot_20180520-222523-319x420.jpg 319w, https:\/\/guineechrono.com\/wp-content\/uploads\/2018\/05\/Screenshot_20180520-222523.jpg 679w\" sizes=\"(max-width: 228px) 100vw, 228px\" \/><\/a><\/p>\n<p>Balotelli, qui compte 33 s\u00e9lections avec l\u2019Italie, n\u2019a plus jou\u00e9 avec la Nazionale depuis le Mondial-2014 au Br\u00e9sil. Sa derni\u00e8re convocation remonte \u00e0 novembre 2014 mais il avait d\u00fb quitter le groupe \u00e0 cause d\u2019une blessure.Depuis son arriv\u00e9e \u00e0 Nice \u00e0 l\u2019\u00e9t\u00e9 2016, Balotelli a inscrit 43 buts toutes comp\u00e9titions confondues alors qu\u2019il sortait de deux saisons tr\u00e8s compliqu\u00e9es \u00e0 Liverpool puis \u00e0 l\u2019AC Milan.<\/p>\n<p>Son retour \u00e9tait attendu, non seulement \u00e0 cause de ses performances, mais aussi parce que Roberto Mancini l\u2019appr\u00e9cie. Le technicien italien est en effet celui qui l\u2019a lanc\u00e9 \u00e0 l\u2019Inter Milan, o\u00f9 il l\u2019a dirig\u00e9 avec succ\u00e8s.Il l\u2019a ensuite retrouv\u00e9 \u00e0 Manchester City, o\u00f9 leur collaboration a \u00e9t\u00e9 plus compliqu\u00e9e.<\/p>\n<p>Mancini a \u00e9t\u00e9 nomm\u00e9 s\u00e9lectionneur lundi, six mois apr\u00e8s l\u2019\u00e9limination de l\u2019Italie par la Su\u00e8de en barrage d\u2019accession au Mondial. Sa mission est donc de reconstruire une Nazionale de qualit\u00e9 dans l\u2019optique de l\u2019Euro-2020.<\/p>\n<p>Pour ces trois matches amicaux contre l\u2019Arabie Saoudite (28 mai \u00e0 Saint-Gall), la France (1er juin \u00e0 Nice) et les Pays-Bas (4 juin \u00e0 Turin), Mancini a convoqu\u00e9 30 joueurs.<\/p>\n<p><strong>Ouest-France<\/strong><\/p>\n","protected":false},"excerpt":{"rendered":"<p>Alors qu\u2019il a annonc\u00e9 quitter Nice \u00e0 la fin de la saison, Mario Balotelli va revenir \u00e0 l\u2019Allianz Riviera mais avec la s\u00e9lection italienne. En effet, Roberto Mancini l\u2019a appel\u00e9 pour les matches amicaux contre l\u2019Arabie Saoudite, la France et les Pays-Bas. L\u2019attaquant n\u2019avait plus jou\u00e9 avec la Nazionale depuis le Mondial 2014. L\u2019attaquant Mario [&hellip;]<\/p>\n","protected":false},"author":2,"featured_media":661,"comment_status":"open","ping_status":"closed","sticky":false,"template":"","format":"standard","meta":{"buzzeditor_post_format":"","footnotes":""},"categories":[1],"tags":[],"class_list":["post-632","post","type-post","status-publish","format-standard","has-post-thumbnail","hentry","category-non-classe"],"jetpack_featured_media_url":"https:\/\/guineechrono.com\/wp-content\/uploads\/2018\/05\/balotlli-1.jpg","amp_enabled":true,"_links":{"self":[{"href":"https:\/\/guineechrono.com\/index.php\/wp-json\/wp\/v2\/posts\/632","targetHints":{"allow":["GET"]}}],"collection":[{"href":"https:\/\/guineechrono.com\/index.php\/wp-json\/wp\/v2\/posts"}],"about":[{"href":"https:\/\/guineechrono.com\/index.php\/wp-json\/wp\/v2\/types\/post"}],"author":[{"embeddable":true,"href":"https:\/\/guineechrono.com\/index.php\/wp-json\/wp\/v2\/users\/2"}],"replies":[{"embeddable":true,"href":"https:\/\/guineechrono.com\/index.php\/wp-json\/wp\/v2\/comments?post=632"}],"version-history":[{"count":0,"href":"https:\/\/guineechrono.com\/index.php\/wp-json\/wp\/v2\/posts\/632\/revisions"}],"wp:featuredmedia":[{"embeddable":true,"href":"https:\/\/guineechrono.com\/index.php\/wp-json\/wp\/v2\/media\/661"}],"wp:attachment":[{"href":"https:\/\/guineechrono.com\/index.php\/wp-json\/wp\/v2\/media?parent=632"}],"wp:term":[{"taxonomy":"category","embeddable":true,"href":"https:\/\/guineechrono.com\/index.php\/wp-json\/wp\/v2\/categories?post=632"},{"taxonomy":"post_tag","embeddable":true,"href":"https:\/\/guineechrono.com\/index.php\/wp-json\/wp\/v2\/tags?post=632"}],"curies":[{"name":"wp","href":"https:\/\/api.w.org\/{rel}","templated":true}]}}