{"id":6533,"date":"2019-07-16T11:04:54","date_gmt":"2019-07-16T10:04:54","guid":{"rendered":"http:\/\/guineechrono.com\/?p=6533"},"modified":"2019-07-16T11:04:54","modified_gmt":"2019-07-16T10:04:54","slug":"burkina-faso-onze-personnes-en-garde-a-vue-retrouvees-mortes","status":"publish","type":"post","link":"https:\/\/guineechrono.com\/index.php\/burkina-faso-onze-personnes-en-garde-a-vue-retrouvees-mortes\/","title":{"rendered":"Burkina Faso : Onze personnes en garde \u00e0 vue retrouv\u00e9es mortes"},"content":{"rendered":"<p><strong>Selon la procureure du Faso, les victimes sont des personnes soup\u00e7onn\u00e9es de trafic, de consommation ou de vente de stup\u00e9fiants. <\/strong><\/p>\n<p>Les autorit\u00e9s ont annonc\u00e9 deux enqu\u00eates administrative et judiciaire.<\/p>\n<p>Plusieurs suspects, interpell\u00e9s dans le cadre de la m\u00eame affaire, ont \u00e9t\u00e9 admis dans des centres de sant\u00e9 pour des examens compl\u00e9mentaires.<\/p>\n<p>Les raisons des d\u00e9c\u00e8s restent encore inconnues.<\/p>\n<p>Des m\u00e9decins l\u00e9gistes ont \u00e9t\u00e9 requis pour des examens et autopsies afin de d\u00e9terminer les causes des d\u00e9c\u00e8s.<\/p>\n<p><strong>Bbcafrique.com<\/strong><\/p>\n","protected":false},"excerpt":{"rendered":"<p>Selon la procureure du Faso, les victimes sont des personnes soup\u00e7onn\u00e9es de trafic, de consommation ou de vente de stup\u00e9fiants. Les autorit\u00e9s ont annonc\u00e9 deux enqu\u00eates administrative et judiciaire. Plusieurs suspects, interpell\u00e9s dans le cadre de la m\u00eame affaire, ont \u00e9t\u00e9 admis dans des centres de sant\u00e9 pour des examens compl\u00e9mentaires. Les raisons des d\u00e9c\u00e8s [&hellip;]<\/p>\n","protected":false},"author":2,"featured_media":6535,"comment_status":"open","ping_status":"closed","sticky":false,"template":"","format":"standard","meta":{"buzzeditor_post_format":"","footnotes":""},"categories":[1],"tags":[],"class_list":["post-6533","post","type-post","status-publish","format-standard","has-post-thumbnail","hentry","category-non-classe"],"jetpack_featured_media_url":"https:\/\/guineechrono.com\/wp-content\/uploads\/2019\/07\/faso.jpg","amp_enabled":true,"_links":{"self":[{"href":"https:\/\/guineechrono.com\/index.php\/wp-json\/wp\/v2\/posts\/6533","targetHints":{"allow":["GET"]}}],"collection":[{"href":"https:\/\/guineechrono.com\/index.php\/wp-json\/wp\/v2\/posts"}],"about":[{"href":"https:\/\/guineechrono.com\/index.php\/wp-json\/wp\/v2\/types\/post"}],"author":[{"embeddable":true,"href":"https:\/\/guineechrono.com\/index.php\/wp-json\/wp\/v2\/users\/2"}],"replies":[{"embeddable":true,"href":"https:\/\/guineechrono.com\/index.php\/wp-json\/wp\/v2\/comments?post=6533"}],"version-history":[{"count":0,"href":"https:\/\/guineechrono.com\/index.php\/wp-json\/wp\/v2\/posts\/6533\/revisions"}],"wp:featuredmedia":[{"embeddable":true,"href":"https:\/\/guineechrono.com\/index.php\/wp-json\/wp\/v2\/media\/6535"}],"wp:attachment":[{"href":"https:\/\/guineechrono.com\/index.php\/wp-json\/wp\/v2\/media?parent=6533"}],"wp:term":[{"taxonomy":"category","embeddable":true,"href":"https:\/\/guineechrono.com\/index.php\/wp-json\/wp\/v2\/categories?post=6533"},{"taxonomy":"post_tag","embeddable":true,"href":"https:\/\/guineechrono.com\/index.php\/wp-json\/wp\/v2\/tags?post=6533"}],"curies":[{"name":"wp","href":"https:\/\/api.w.org\/{rel}","templated":true}]}}