{"id":6594,"date":"2019-07-18T08:39:26","date_gmt":"2019-07-18T07:39:26","guid":{"rendered":"http:\/\/guineechrono.com\/?p=6594"},"modified":"2019-07-18T08:39:26","modified_gmt":"2019-07-18T07:39:26","slug":"ebola-oms-declare-une-urgence-de-sante-publique-mondiale","status":"publish","type":"post","link":"https:\/\/guineechrono.com\/index.php\/ebola-oms-declare-une-urgence-de-sante-publique-mondiale\/","title":{"rendered":"Ebola : OMS d\u00e9clare  une urgence de sant\u00e9 publique mondiale"},"content":{"rendered":"<p><strong>La d\u00e9cision de relever le niveau d&rsquo;alerte a \u00e9t\u00e9 prise par un coll\u00e8ge d&rsquo;experts de l&rsquo;OMS.<\/strong><\/p>\n<p>Ils ont exprim\u00e9 leur \u00ab\u00a0d\u00e9ception au sujet des retards dans le financement\u00a0\u00bb de la riposte contre l&rsquo;\u00e9pid\u00e9mie d&rsquo;Ebola.<\/p>\n<p>Cette d\u00e9cision survient apr\u00e8s la d\u00e9couverte d&rsquo;un premier cas d&rsquo;Ebola mortel \u00e0 Goma, situ\u00e9e pr\u00e8s de la fronti\u00e8re avec le Rwanda.<\/p>\n<p>Jusque-l\u00e0, l&rsquo;\u00e9pid\u00e9mie \u00e9tait circonscrite dans la r\u00e9gion de Beni-Butembo \u00e0 pr\u00e8s de 300 km au Nord de Goma, et dans une moindre mesure, en Ituri, la province voisine.<\/p>\n<p>Le directeur g\u00e9n\u00e9ral de l&rsquo;OMS, Tedros Adhanom, a d\u00e9clar\u00e9 qu&rsquo;il \u00ab\u00a0\u00e9tait temps pour le monde de prendre acte\u00a0\u00bb de l&rsquo;\u00e9pid\u00e9mie.<\/p>\n<p>L&rsquo;OMS recommande par ailleurs que les fronti\u00e8res de la RDC restent ouvertes, estimant que les fermer serait contreproductif.<\/p>\n<p>L&rsquo;urgence sanitaire mondiale est une mesure exceptionnelle.<\/p>\n<p>Elle n&rsquo;avait \u00e9t\u00e9 d\u00e9cr\u00e9t\u00e9e que quatre fois, notamment le cas lors de la grande \u00e9pid\u00e9mie d&rsquo;Ebola qui avait fait plus 11000 morts en Afrique de l&rsquo;Ouest en 2014.<\/p>\n<p><strong>Bbcafrique.com<\/strong><\/p>\n<p>&nbsp;<\/p>\n","protected":false},"excerpt":{"rendered":"<p>La d\u00e9cision de relever le niveau d&rsquo;alerte a \u00e9t\u00e9 prise par un coll\u00e8ge d&rsquo;experts de l&rsquo;OMS. Ils ont exprim\u00e9 leur \u00ab\u00a0d\u00e9ception au sujet des retards dans le financement\u00a0\u00bb de la riposte contre l&rsquo;\u00e9pid\u00e9mie d&rsquo;Ebola. Cette d\u00e9cision survient apr\u00e8s la d\u00e9couverte d&rsquo;un premier cas d&rsquo;Ebola mortel \u00e0 Goma, situ\u00e9e pr\u00e8s de la fronti\u00e8re avec le Rwanda. [&hellip;]<\/p>\n","protected":false},"author":2,"featured_media":6595,"comment_status":"open","ping_status":"closed","sticky":false,"template":"","format":"standard","meta":{"buzzeditor_post_format":"","footnotes":""},"categories":[1],"tags":[],"class_list":["post-6594","post","type-post","status-publish","format-standard","has-post-thumbnail","hentry","category-non-classe"],"jetpack_featured_media_url":"https:\/\/guineechrono.com\/wp-content\/uploads\/2019\/07\/urgence.jpg","amp_enabled":true,"_links":{"self":[{"href":"https:\/\/guineechrono.com\/index.php\/wp-json\/wp\/v2\/posts\/6594","targetHints":{"allow":["GET"]}}],"collection":[{"href":"https:\/\/guineechrono.com\/index.php\/wp-json\/wp\/v2\/posts"}],"about":[{"href":"https:\/\/guineechrono.com\/index.php\/wp-json\/wp\/v2\/types\/post"}],"author":[{"embeddable":true,"href":"https:\/\/guineechrono.com\/index.php\/wp-json\/wp\/v2\/users\/2"}],"replies":[{"embeddable":true,"href":"https:\/\/guineechrono.com\/index.php\/wp-json\/wp\/v2\/comments?post=6594"}],"version-history":[{"count":0,"href":"https:\/\/guineechrono.com\/index.php\/wp-json\/wp\/v2\/posts\/6594\/revisions"}],"wp:featuredmedia":[{"embeddable":true,"href":"https:\/\/guineechrono.com\/index.php\/wp-json\/wp\/v2\/media\/6595"}],"wp:attachment":[{"href":"https:\/\/guineechrono.com\/index.php\/wp-json\/wp\/v2\/media?parent=6594"}],"wp:term":[{"taxonomy":"category","embeddable":true,"href":"https:\/\/guineechrono.com\/index.php\/wp-json\/wp\/v2\/categories?post=6594"},{"taxonomy":"post_tag","embeddable":true,"href":"https:\/\/guineechrono.com\/index.php\/wp-json\/wp\/v2\/tags?post=6594"}],"curies":[{"name":"wp","href":"https:\/\/api.w.org\/{rel}","templated":true}]}}