{"id":6714,"date":"2019-07-23T12:23:29","date_gmt":"2019-07-23T11:23:29","guid":{"rendered":"http:\/\/guineechrono.com\/?p=6714"},"modified":"2020-05-19T16:34:38","modified_gmt":"2020-05-19T15:34:38","slug":"agro-industrie-alpha-conde-lance-le-forum-du-secteur-prive","status":"publish","type":"post","link":"https:\/\/guineechrono.com\/index.php\/agro-industrie-alpha-conde-lance-le-forum-du-secteur-prive\/","title":{"rendered":"Agro-industrie: Alpha Cond\u00e9 lance le Forum du secteur priv\u00e9"},"content":{"rendered":"<p>Sur l\u2019initiative du Pr\u00e9sident de la R\u00e9publique, le Pr. Alpha Cond\u00e9, avec l\u2019appui de la Banque africaine de d\u00e9veloppement (BAD), le Forum du secteur priv\u00e9 pour le Programme de d\u00e9veloppement des zones sp\u00e9ciales de transformation agro-industrielles (PD-ZSTA) a ouvert ses travaux ce lundi 22 juillet \u00e0 l\u2019h\u00f4tel Kaloum de Conakry.<\/p>\n<p>C\u2019est le Pr\u00e9sident de la R\u00e9publique, le Pr. Alpha Cond\u00e9, qui a pr\u00e9sid\u00e9 cette rencontre qui a mobilis\u00e9 les membres du Gouvernement, le secteur priv\u00e9 et les partenaires au d\u00e9veloppement.<\/p>\n<p>L\u2019objectif g\u00e9n\u00e9ral du Forum vise \u00e0 pr\u00e9senter le programme des ZSTA appuy\u00e9 par la BAD dans ses pays membres r\u00e9gionaux (PMR), en particulier en R\u00e9publique de Guin\u00e9e, sur la base des r\u00e9sultats de la derni\u00e8re mission d\u2019\u00e9valuation. Il s\u2019agit aussi de mobiliser les acteurs-clefs, dont le secteur priv\u00e9, autour du programme des agropoles de la Guin\u00e9e et du Projet de D\u00e9veloppement des Zones sp\u00e9ciales de transformation agro-industrielle de Bok\u00e9 et de Kankan (PDZSTA-BK), en vue de la programmation des ressources.<\/p>\n<p>En somme, le pr\u00e9sent Forum vise \u00e0 d\u00e9velopper durablement les produits agro-alimentaires susceptibles de r\u00e9duire les importations massives, en valorisant le potentiel \u00e0 l\u2019export de fili\u00e8res porteuses de croissance.<\/p>\n<p>Cette rencontre fait suite aux diff\u00e9rentes missions de la BAD effectu\u00e9es en Guin\u00e9e, plus particuli\u00e8rement dans les r\u00e9gions de Bok\u00e9 et de Kankan. Lors de ces visites de terrain dans les deux (02) r\u00e9gions, la Banque a \u00e9chang\u00e9 avec les repr\u00e9sentants de l\u2019\u00c9tat et leurs services, les responsables d\u2019entreprises agro-alimentaires et les producteurs d\u2019une part, et visiter des unit\u00e9s de transformation agro-industrielles et des sites de ZSTA, d\u2019autre part. Pour conduire son programme d\u2019Agropole, le Gouvernement guin\u00e9en a sollicit\u00e9 l\u2019appui de ses partenaires traditionnels dont la Banque africaine de d\u00e9veloppement (BAD) qui s\u2019est engag\u00e9e aux c\u00f4t\u00e9s de l\u2019Etat, \u00e0 travers sa strat\u00e9gie \u00ab Nourrir l\u2019Afrique \u00bb 2016- 2025, et en particulier son programme-phare des Zones sp\u00e9ciales de transformation agro- industrielle.<\/p>\n<p>Le Pr\u00e9sident de la Chambre nationale d\u2019Agriculture, Elhadj Mamadou Bobo Diallo, a remerci\u00e9 le Pr\u00e9sident Alpha Cond\u00e9, la Banque africaine de d\u00e9veloppement pour leurs efforts en faveur du d\u00e9veloppement du secteur agricole. Tout en fondant beaucoup d\u2019espoir sur la tenue de ce Forum devant aboutir \u00e0 la transformation des produits agricoles, le pr\u00e9sident de la Chambre nationale d\u2019Agriculture a invit\u00e9 le monde paysan \u00e0 s\u2019investir pleinement dans ce processus.<\/p>\n<p>Il a enfin esp\u00e9r\u00e9 que ce Forum va beaucoup contribuer au d\u00e9veloppement de la strat\u00e9gie qui est : \u00ab Nourrir l\u2019Afrique \u00bb.<\/p>\n<p>Le vice-pr\u00e9sident de la Banque africaine de d\u00e9veloppement, C\u00e9lestin Moga, a rappel\u00e9 que dans les pays o\u00f9 il y a les Zones \u00e9conomiques sp\u00e9ciales, ce genre de rencontres entre le Gouvernement, les partenaires et le secteur, est toujours important. Pour cela, il a invit\u00e9 le Gouvernement et le secteur priv\u00e9 \u00e0 syst\u00e9matiser ce Forum.<\/p>\n<p>Il a rappel\u00e9 que la Guin\u00e9e est de retour gr\u00e2ce \u00e0 l\u2019\u00e9nergie et la vision du Pr\u00e9sident Alpha Cond\u00e9. Selon lui, la Zone \u00e9conomique sp\u00e9ciale est toujours importante pour tout Etat, car elle permet \u00e0 tout pays, m\u00eame \u00e0 faible revenu, de r\u00e9soudre son probl\u00e8me, de faire un gain rapide.<\/p>\n<p>Poursuivant, le vice-pr\u00e9sident de la BAD a soulign\u00e9 que les Zones \u00e9conomiques sp\u00e9ciales doivent faire des productions en qualit\u00e9 et en quantit\u00e9. Il a aussi fait savoir que la Guin\u00e9e est un march\u00e9 mondial et les aspects doivent s\u2019accommoder \u00e0 cette r\u00e9alit\u00e9.<\/p>\n<p>Le ministre de l\u2019Industrie et des PME, Tibou Kamara, a surtout rassur\u00e9 que son d\u00e9partement continuera \u00e0 mobiliser le secteur priv\u00e9 autour du processus de transformation des produits pour des chaines de valeur.<\/p>\n<p>Le Pr\u00e9sident de la R\u00e9publique, le Pr Alpha Cond\u00e9, a rappel\u00e9 que les Guin\u00e9ens manquent de m\u00e9moire en ce sens qu\u2019ils n\u2019ont pas la capacit\u00e9 de capitaliser notre histoire et qu\u2019ils n\u2019ont pas la capacit\u00e9 de faire la distinction entre les aspects positifs et n\u00e9gatifs de la colonisation.<\/p>\n<p>Pour le Chef de l\u2019Etat, la Premi\u00e8re R\u00e9publique, malgr\u00e9 quelques d\u00e9faillances, a pos\u00e9 des actes positifs. Par contre le Pr\u00e9sident Alpha Cond\u00e9 a rappel\u00e9 que la deuxi\u00e8me R\u00e9publique sous l\u2019impulsion de la Banque mondiale a fait passer le patrimoine national aux mains des Etrangers, \u00e0 travers des privatisations sauvages. C\u2019est pourquoi le Chef de l\u2019Etat a indiqu\u00e9 que si les FAPA (Fermes agro-pastorales) \u00e9taient maintenues, la Guin\u00e9e serait aujourd\u2019hui autosuffisante.<\/p>\n<p>Poursuivant, le Pr\u00e9sident de la R\u00e9publique a d\u00e9clar\u00e9 que la Guin\u00e9e qui est \u00e0 la fois un scandale g\u00e9ologique et agricole continue paradoxalement \u00e0 importer.<\/p>\n<p>De ce fait, le Chef de l\u2019Etat a pr\u00e9cis\u00e9 que si la Guin\u00e9e veut aller de l\u2019avant, \u00ab nous devons tirer les le\u00e7ons de notre histoire et les partenaires doivent laisser les Africains qui sont mineurs d\u00e9finir leurs propres programmes avant de les accompagner \u00bb. Pour le Pr\u00e9sident Alpha Cond\u00e9, \u00ab si la Guin\u00e9e qui avait un bel avenir \u00e9conomique est en retard, cela est d\u00fb aux cadres du pays \u00bb. Toutefois, il a rassur\u00e9 que la Guin\u00e9e trouvera sa voie.<\/p>\n<p>Tout en d\u00e9plorant le fait que les op\u00e9rateurs \u00e9conomiques n\u2019ont pas su organiser leur Chambre, le Pr\u00e9sident de la R\u00e9publique a salu\u00e9 les pays amis tels que le Maroc et la C\u00f4te d\u2019Ivoire pour leur accompagnement dans le secteur agricole et tous les autres partenaires.<\/p>\n<p>Il a enfin donn\u00e9 une large explication sur la politique agricole du pays avant d\u2019inviter les partenaires \u00e0 faire confiance en la Guin\u00e9e.<\/p>\n<p>A pr\u00e9ciser que ce Forum abritera un \u00ab atelier de consultation des parties prenantes \u00bb sous forme de table-ronde et des panels de haut niveau impliquant tous les acteurs-cl\u00e9s concern\u00e9s par le Programme (agro- industriels, producteurs, secteur priv\u00e9, banques, partenaires au d\u00e9veloppement, etc.).<\/p>\n<p>Avant de quitter le Forum le Pr\u00e9sident de la R\u00e9publique a visit\u00e9 les stands des produits agro-industries.<\/p>\n<p>Source: Bureau de Presse de la Pr\u00e9sidence<\/p>\n<p>&nbsp;<\/p>\n","protected":false},"excerpt":{"rendered":"<p>Sur l\u2019initiative du Pr\u00e9sident de la R\u00e9publique, le Pr. Alpha Cond\u00e9, avec l\u2019appui de la Banque africaine de d\u00e9veloppement (BAD), le Forum du secteur priv\u00e9 pour le Programme de d\u00e9veloppement des zones sp\u00e9ciales de transformation agro-industrielles (PD-ZSTA) a ouvert ses travaux ce lundi 22 juillet \u00e0 l\u2019h\u00f4tel Kaloum de Conakry. C\u2019est le Pr\u00e9sident de la [&hellip;]<\/p>\n","protected":false},"author":2,"featured_media":6715,"comment_status":"open","ping_status":"closed","sticky":false,"template":"","format":"standard","meta":{"buzzeditor_post_format":"","footnotes":""},"categories":[1,43],"tags":[],"class_list":["post-6714","post","type-post","status-publish","format-standard","has-post-thumbnail","hentry","category-non-classe","category-politique"],"jetpack_featured_media_url":"https:\/\/guineechrono.com\/wp-content\/uploads\/2019\/07\/agro.jpg","amp_enabled":true,"_links":{"self":[{"href":"https:\/\/guineechrono.com\/index.php\/wp-json\/wp\/v2\/posts\/6714","targetHints":{"allow":["GET"]}}],"collection":[{"href":"https:\/\/guineechrono.com\/index.php\/wp-json\/wp\/v2\/posts"}],"about":[{"href":"https:\/\/guineechrono.com\/index.php\/wp-json\/wp\/v2\/types\/post"}],"author":[{"embeddable":true,"href":"https:\/\/guineechrono.com\/index.php\/wp-json\/wp\/v2\/users\/2"}],"replies":[{"embeddable":true,"href":"https:\/\/guineechrono.com\/index.php\/wp-json\/wp\/v2\/comments?post=6714"}],"version-history":[{"count":0,"href":"https:\/\/guineechrono.com\/index.php\/wp-json\/wp\/v2\/posts\/6714\/revisions"}],"wp:featuredmedia":[{"embeddable":true,"href":"https:\/\/guineechrono.com\/index.php\/wp-json\/wp\/v2\/media\/6715"}],"wp:attachment":[{"href":"https:\/\/guineechrono.com\/index.php\/wp-json\/wp\/v2\/media?parent=6714"}],"wp:term":[{"taxonomy":"category","embeddable":true,"href":"https:\/\/guineechrono.com\/index.php\/wp-json\/wp\/v2\/categories?post=6714"},{"taxonomy":"post_tag","embeddable":true,"href":"https:\/\/guineechrono.com\/index.php\/wp-json\/wp\/v2\/tags?post=6714"}],"curies":[{"name":"wp","href":"https:\/\/api.w.org\/{rel}","templated":true}]}}