{"id":677,"date":"2018-05-22T14:21:53","date_gmt":"2018-05-22T13:21:53","guid":{"rendered":"http:\/\/guineechrono.com\/?p=677"},"modified":"2018-05-22T14:21:53","modified_gmt":"2018-05-22T13:21:53","slug":"ousmane-gaoual-sur-kassory-fofana-il-ne-faut-pas-craindre-kassory-fofana-ne-pourra-rien","status":"publish","type":"post","link":"https:\/\/guineechrono.com\/index.php\/ousmane-gaoual-sur-kassory-fofana-il-ne-faut-pas-craindre-kassory-fofana-ne-pourra-rien\/","title":{"rendered":"Ousmane Gaoual sur Kassory Fofana : \u00ab il ne faut pas craindre, Kassory Fofana ne pourra rien\u2026 \u00bb"},"content":{"rendered":"<p>Comme annonc\u00e9 dans nos pr\u00e9c\u00e9dentes publications, le Pr\u00e9sident Alpha Cond\u00e9 a nomm\u00e9 hier, lundi 21 mai 2018, Docteur Kassory Fofana comme Premier ministre, chef du gouvernement. Apr\u00e8s la publication de ce d\u00e9cret, l\u2019honorable Ousmane Gaoual Diallo a confi\u00e9 \u00e0 un reporter de Guineematin.com ses sentiments et les attentes du nouveau promu.<\/p>\n<p>D\u00e9cryptage !<\/p>\n<p>Premi\u00e8rement, c\u2019est un soulagement pour le peuple de Guin\u00e9e qui attend depuis 2 mois qu\u2019un Premier ministre soit d\u00e9sign\u00e9 avec un gouvernement pour que les uns et les autres se mettent au travail.<\/p>\n<p>La seconde chose, je pense que quelque soit l\u2019occupant de la Primature aujourd\u2019hui, Alpha Cond\u00e9 est celui qui cristallise tous les \u00e9l\u00e9ments de la mauvaise gouvernance dans notre pays. Et, comme le pouvoir reste concentr\u00e9 au niveau de S\u00e9koutour\u00e9ya, je ne vois pas en quoi un Premier ministre pourra changer la donne. Ce n\u2019est pas parce que forc\u00e9ment Sa\u00efd Fofana \u00e9tait incomp\u00e9tent ou que Youla \u00e9tait incomp\u00e9tent ou que Kassory soit incomp\u00e9tent. C\u2019est parce qu\u2019Alpha Cond\u00e9 n\u2019a jamais eu la volont\u00e9 de laisser le gouvernement agir. Il a mis en place des hommes qu\u2019il a appel\u00e9s le gouvernement et mis \u00e0 S\u00e9koutour\u00e9ya un autre gouvernement qui, en r\u00e9alit\u00e9, tient vraiment tous les leviers de la gouvernance pour imprimer la mauvaise gouvernance. Donc, pour moi, la nomination de Kassory Fofana risque de ne rien changer tant que l\u2019homme a la volont\u00e9 d\u2019outrepasser les r\u00e8gles et les exigences de notre constitution pour se donner un 3\u00e8me mandat.<\/p>\n<p>Donc, si la volont\u00e9 est d\u2019aller vers un 3\u00e8me mandat, il ne faut pas craindre, Kassory Fofana ne pourra rien parce que tout ce qu\u2019il voudra faire va \u00eatre orient\u00e9 dans ce but. Cela ne sera pas \u00e0 l\u2019intention des populations guin\u00e9ennes.<\/p>\n<p>Apr\u00e8s, la bataille qui va nous int\u00e9resser nous, dans les prochains mois, c\u2019est le corps \u00e0 corps entre Kassory Fofana et Alpha Cond\u00e9 parce que Kassory a quand m\u00eame de la personnalit\u00e9. C\u2019est quelqu\u2019un, peut-\u00eatre, qui a envie de faire. Et puis, on verra comment il va demander \u00e0 Alpha de faire dans la prise de d\u00e9cision au sommet de l\u2019Etat.<\/p>\n<p>Pour ce qui de sa priorit\u00e9, je pense que quelqu\u2019un qui arrive dans le contexte qui est le n\u00f4tre en Guin\u00e9e, ses d\u00e9marches doivent \u00eatre \u00e0 rechercher l\u2019accalmie et la paix durable. C\u2019est tr\u00e8s important. \u00c7a veut dire qu\u2019aujourd\u2019hui, il y a des crises sur la table du Premier ministre : la crise syndicale, institutionnelle, politique, les crises sociales et \u00e9conomiques, etc. Le Premier ministre doit avoir les pieds sur l\u2019\u00e9trier rapidement pour pouvoir ma\u00eetriser ces crises et les param\u00e8tres du d\u00e9veloppement.<\/p>\n<p>Maintenant, je ne crois pas du tout qu\u2019il puisse le faire dans la mesure o\u00f9 la crise la plus importante dans notre pays, c\u2019est la crise politique. D\u2019ailleurs la crise \u00e9conomique et la crise sociale d\u00e9pendent naturellement de cette crise politique. Et, je suis s\u00fbr qu\u2019on n\u2019est pas encore sorti de l\u2019auberge ; car, on a pris quasiment trois mois de crise li\u00e9 au contentieux \u00e9lectoral issu des \u00e9lections de proximit\u00e9. Si on n\u2019a pas pu r\u00e9gler cela, avec les l\u00e9gislatives qui pointent \u00e0 l\u2019horizon et la pr\u00e9sidentielle de 2020, je ne vois pas comment le Premier ministre pourra faire l\u2019\u00e9conomie de mettre les acteurs politiques et les acteurs sociaux autour de la table pour rechercher des compromis durables.<\/p>\n<p style=\"text-align: right\"><strong>Guineematin.com<\/strong><\/p>\n<p>&nbsp;<\/p>\n","protected":false},"excerpt":{"rendered":"<p>Comme annonc\u00e9 dans nos pr\u00e9c\u00e9dentes publications, le Pr\u00e9sident Alpha Cond\u00e9 a nomm\u00e9 hier, lundi 21 mai 2018, Docteur Kassory Fofana comme Premier ministre, chef du gouvernement. Apr\u00e8s la publication de ce d\u00e9cret, l\u2019honorable Ousmane Gaoual Diallo a confi\u00e9 \u00e0 un reporter de Guineematin.com ses sentiments et les attentes du nouveau promu. D\u00e9cryptage ! Premi\u00e8rement, c\u2019est [&hellip;]<\/p>\n","protected":false},"author":2,"featured_media":678,"comment_status":"open","ping_status":"closed","sticky":false,"template":"","format":"standard","meta":{"buzzeditor_post_format":"","footnotes":""},"categories":[1],"tags":[],"class_list":["post-677","post","type-post","status-publish","format-standard","has-post-thumbnail","hentry","category-non-classe"],"jetpack_featured_media_url":"https:\/\/guineechrono.com\/wp-content\/uploads\/2018\/05\/ousou.jpg","amp_enabled":true,"_links":{"self":[{"href":"https:\/\/guineechrono.com\/index.php\/wp-json\/wp\/v2\/posts\/677","targetHints":{"allow":["GET"]}}],"collection":[{"href":"https:\/\/guineechrono.com\/index.php\/wp-json\/wp\/v2\/posts"}],"about":[{"href":"https:\/\/guineechrono.com\/index.php\/wp-json\/wp\/v2\/types\/post"}],"author":[{"embeddable":true,"href":"https:\/\/guineechrono.com\/index.php\/wp-json\/wp\/v2\/users\/2"}],"replies":[{"embeddable":true,"href":"https:\/\/guineechrono.com\/index.php\/wp-json\/wp\/v2\/comments?post=677"}],"version-history":[{"count":0,"href":"https:\/\/guineechrono.com\/index.php\/wp-json\/wp\/v2\/posts\/677\/revisions"}],"wp:featuredmedia":[{"embeddable":true,"href":"https:\/\/guineechrono.com\/index.php\/wp-json\/wp\/v2\/media\/678"}],"wp:attachment":[{"href":"https:\/\/guineechrono.com\/index.php\/wp-json\/wp\/v2\/media?parent=677"}],"wp:term":[{"taxonomy":"category","embeddable":true,"href":"https:\/\/guineechrono.com\/index.php\/wp-json\/wp\/v2\/categories?post=677"},{"taxonomy":"post_tag","embeddable":true,"href":"https:\/\/guineechrono.com\/index.php\/wp-json\/wp\/v2\/tags?post=677"}],"curies":[{"name":"wp","href":"https:\/\/api.w.org\/{rel}","templated":true}]}}