{"id":6960,"date":"2019-08-06T16:09:37","date_gmt":"2019-08-06T15:09:37","guid":{"rendered":"http:\/\/guineechrono.com\/?p=6960"},"modified":"2019-08-06T16:09:37","modified_gmt":"2019-08-06T15:09:37","slug":"un-helicoptere-darmee-sest-abime-a-conakry-voici-les-precisions-du-ministere-de-la-defense","status":"publish","type":"post","link":"https:\/\/guineechrono.com\/index.php\/un-helicoptere-darmee-sest-abime-a-conakry-voici-les-precisions-du-ministere-de-la-defense\/","title":{"rendered":"Un h\u00e9licopt\u00e8re d\u2019arm\u00e9e s\u2019est ab\u00eem\u00e9 \u00e0 Conakry : voici les  pr\u00e9cisions du minist\u00e8re de la d\u00e9fense"},"content":{"rendered":"<p>Ce 6 ao\u00fbt 2019, aux environs de 10h30, un h\u00e9licopt\u00e8re de type \u00ab\u00a0\u00c9cureuil\u00a0\u00bb de l\u2019arm\u00e9e de l\u2019air guin\u00e9enne s\u2019est ab\u00eem\u00e9 aux larges de Conakry, avec deux membres d\u2019\u00e9quipage.<\/p>\n<p>La marine nationale s\u2019est imm\u00e9diatement d\u00e9ploy\u00e9e sur les lieux pour mener les recherches avec une \u00e9quipe de plongeurs-sauveteurs. Ces recherches se poursuivent activement.<\/p>\n<p>Le ministre de la D\u00e9fense nationale et l\u2019\u00c9tat-major g\u00e9n\u00e9ral des Arm\u00e9es sont mobilis\u00e9s \u00e0 cet effet.<\/p>\n<p><strong>Transmis par le service de Communication du minist\u00e8re de la D\u00e9fense nationale <\/strong><\/p>\n<p>&nbsp;<\/p>\n","protected":false},"excerpt":{"rendered":"<p>Ce 6 ao\u00fbt 2019, aux environs de 10h30, un h\u00e9licopt\u00e8re de type \u00ab\u00a0\u00c9cureuil\u00a0\u00bb de l\u2019arm\u00e9e de l\u2019air guin\u00e9enne s\u2019est ab\u00eem\u00e9 aux larges de Conakry, avec deux membres d\u2019\u00e9quipage. La marine nationale s\u2019est imm\u00e9diatement d\u00e9ploy\u00e9e sur les lieux pour mener les recherches avec une \u00e9quipe de plongeurs-sauveteurs. Ces recherches se poursuivent activement. Le ministre de la [&hellip;]<\/p>\n","protected":false},"author":2,"featured_media":6961,"comment_status":"open","ping_status":"closed","sticky":false,"template":"","format":"standard","meta":{"buzzeditor_post_format":"","footnotes":""},"categories":[1],"tags":[],"class_list":["post-6960","post","type-post","status-publish","format-standard","has-post-thumbnail","hentry","category-non-classe"],"jetpack_featured_media_url":"https:\/\/guineechrono.com\/wp-content\/uploads\/2019\/08\/helisse.jpg","amp_enabled":true,"_links":{"self":[{"href":"https:\/\/guineechrono.com\/index.php\/wp-json\/wp\/v2\/posts\/6960","targetHints":{"allow":["GET"]}}],"collection":[{"href":"https:\/\/guineechrono.com\/index.php\/wp-json\/wp\/v2\/posts"}],"about":[{"href":"https:\/\/guineechrono.com\/index.php\/wp-json\/wp\/v2\/types\/post"}],"author":[{"embeddable":true,"href":"https:\/\/guineechrono.com\/index.php\/wp-json\/wp\/v2\/users\/2"}],"replies":[{"embeddable":true,"href":"https:\/\/guineechrono.com\/index.php\/wp-json\/wp\/v2\/comments?post=6960"}],"version-history":[{"count":0,"href":"https:\/\/guineechrono.com\/index.php\/wp-json\/wp\/v2\/posts\/6960\/revisions"}],"wp:featuredmedia":[{"embeddable":true,"href":"https:\/\/guineechrono.com\/index.php\/wp-json\/wp\/v2\/media\/6961"}],"wp:attachment":[{"href":"https:\/\/guineechrono.com\/index.php\/wp-json\/wp\/v2\/media?parent=6960"}],"wp:term":[{"taxonomy":"category","embeddable":true,"href":"https:\/\/guineechrono.com\/index.php\/wp-json\/wp\/v2\/categories?post=6960"},{"taxonomy":"post_tag","embeddable":true,"href":"https:\/\/guineechrono.com\/index.php\/wp-json\/wp\/v2\/tags?post=6960"}],"curies":[{"name":"wp","href":"https:\/\/api.w.org\/{rel}","templated":true}]}}