{"id":6993,"date":"2019-08-07T09:25:31","date_gmt":"2019-08-07T08:25:31","guid":{"rendered":"http:\/\/guineechrono.com\/?p=6993"},"modified":"2019-08-07T09:25:31","modified_gmt":"2019-08-07T08:25:31","slug":"edg-erige-en-societe-publique-anonyme-edg-sa-bah-ousmane-nomme-president-du-ca-decret","status":"publish","type":"post","link":"https:\/\/guineechrono.com\/index.php\/edg-erige-en-societe-publique-anonyme-edg-sa-bah-ousmane-nomme-president-du-ca-decret\/","title":{"rendered":"EDG : \u00e9rig\u00e9 en soci\u00e9t\u00e9 publique anonyme (EDG, SA) , Bah Ousmane nomm\u00e9 pr\u00e9sident du CA (d\u00e9cret)"},"content":{"rendered":"<p>Dans un d\u00e9cret rendu public dans la soir\u00e9e de ce mardi, 06 ao\u00fbt 2019, sur les ondes des medias d\u2019Etat, le pr\u00e9sident de la R\u00e9publique a \u00e9rig\u00e9 l\u2019Entreprise d\u2019Electricit\u00e9 de Guin\u00e9e (EDG) en une soci\u00e9t\u00e9 publique anonyme avec conseil d\u2019administration dot\u00e9 de la personnalit\u00e9 juridique, de l\u2019autonomie financi\u00e8re et de gestion.<\/p>\n<p>Dans le m\u00eame d\u00e9cret, il est pr\u00e9cis\u00e9 qu\u2019EDG SA est plac\u00e9e sous la tutelle technique du minist\u00e8re de l\u2019\u00e9nergie et sous la tutelle financi\u00e8re du minist\u00e8re de l\u2019\u00e9conomie et des finances. Et, c\u2019est le pr\u00e9sident de l\u2019UPR, Elhadj Ousmane Bah, conseiller sp\u00e9cial \u00e0 la pr\u00e9sidence de la R\u00e9publique qui est nomm\u00e9 \u00e0 la t\u00eate du conseil d\u2019administration de cette soci\u00e9t\u00e9.<\/p>\n<p><strong>R\u00e9daction <\/strong><\/p>\n","protected":false},"excerpt":{"rendered":"<p>Dans un d\u00e9cret rendu public dans la soir\u00e9e de ce mardi, 06 ao\u00fbt 2019, sur les ondes des medias d\u2019Etat, le pr\u00e9sident de la R\u00e9publique a \u00e9rig\u00e9 l\u2019Entreprise d\u2019Electricit\u00e9 de Guin\u00e9e (EDG) en une soci\u00e9t\u00e9 publique anonyme avec conseil d\u2019administration dot\u00e9 de la personnalit\u00e9 juridique, de l\u2019autonomie financi\u00e8re et de gestion. Dans le m\u00eame d\u00e9cret, [&hellip;]<\/p>\n","protected":false},"author":2,"featured_media":6996,"comment_status":"open","ping_status":"closed","sticky":false,"template":"","format":"standard","meta":{"buzzeditor_post_format":"","footnotes":""},"categories":[1],"tags":[],"class_list":["post-6993","post","type-post","status-publish","format-standard","has-post-thumbnail","hentry","category-non-classe"],"jetpack_featured_media_url":"https:\/\/guineechrono.com\/wp-content\/uploads\/2019\/08\/courant-1.jpg","amp_enabled":true,"_links":{"self":[{"href":"https:\/\/guineechrono.com\/index.php\/wp-json\/wp\/v2\/posts\/6993","targetHints":{"allow":["GET"]}}],"collection":[{"href":"https:\/\/guineechrono.com\/index.php\/wp-json\/wp\/v2\/posts"}],"about":[{"href":"https:\/\/guineechrono.com\/index.php\/wp-json\/wp\/v2\/types\/post"}],"author":[{"embeddable":true,"href":"https:\/\/guineechrono.com\/index.php\/wp-json\/wp\/v2\/users\/2"}],"replies":[{"embeddable":true,"href":"https:\/\/guineechrono.com\/index.php\/wp-json\/wp\/v2\/comments?post=6993"}],"version-history":[{"count":0,"href":"https:\/\/guineechrono.com\/index.php\/wp-json\/wp\/v2\/posts\/6993\/revisions"}],"wp:featuredmedia":[{"embeddable":true,"href":"https:\/\/guineechrono.com\/index.php\/wp-json\/wp\/v2\/media\/6996"}],"wp:attachment":[{"href":"https:\/\/guineechrono.com\/index.php\/wp-json\/wp\/v2\/media?parent=6993"}],"wp:term":[{"taxonomy":"category","embeddable":true,"href":"https:\/\/guineechrono.com\/index.php\/wp-json\/wp\/v2\/categories?post=6993"},{"taxonomy":"post_tag","embeddable":true,"href":"https:\/\/guineechrono.com\/index.php\/wp-json\/wp\/v2\/tags?post=6993"}],"curies":[{"name":"wp","href":"https:\/\/api.w.org\/{rel}","templated":true}]}}