{"id":720,"date":"2018-05-28T16:01:09","date_gmt":"2018-05-28T15:01:09","guid":{"rendered":"http:\/\/guineechrono.com\/?p=720"},"modified":"2018-05-28T16:01:09","modified_gmt":"2018-05-28T15:01:09","slug":"urgent-justice-les-greffiers-lancent-un-avis-de-greve-illimitee","status":"publish","type":"post","link":"https:\/\/guineechrono.com\/index.php\/urgent-justice-les-greffiers-lancent-un-avis-de-greve-illimitee\/","title":{"rendered":"Urgent\/Justice : Les greffiers lancent un avis de gr\u00e8ve illimit\u00e9e"},"content":{"rendered":"<p>A travers une d\u00e9claration dont copie a \u00e9t\u00e9 donn\u00e9e \u00e0 guinee7.com, les greffiers d\u00e9cident de partir en gr\u00e8ve g\u00e9n\u00e9rale et illimit\u00e9e sur toute l\u2019\u00e9tendue du territoire national d\u00e8s le 8 juin 20118.<\/p>\n<p>Selon, Mamadou Dian Bald\u00e9, porte-parole des greffiers, la suspension de cette gr\u00e8ve sera subordonn\u00e9e \u00e0 l\u2019application totale avec effet r\u00e9troactif du statut particulier des greffiers en chef, des greffiers et des secr\u00e9taires des greffiers.<\/p>\n<p>D\u00e9claration<\/p>\n<p><a href=\"http:\/\/guineechrono.com\/wp-content\/uploads\/2018\/05\/lettre-greffiers.jpeg\"><img fetchpriority=\"high\" decoding=\"async\" class=\"size-medium wp-image-721 aligncenter\" src=\"http:\/\/guineechrono.com\/wp-content\/uploads\/2018\/05\/lettre-greffiers-231x300.jpeg\" alt=\"\" width=\"231\" height=\"300\" srcset=\"https:\/\/guineechrono.com\/wp-content\/uploads\/2018\/05\/lettre-greffiers-231x300.jpeg 231w, https:\/\/guineechrono.com\/wp-content\/uploads\/2018\/05\/lettre-greffiers-323x420.jpeg 323w, https:\/\/guineechrono.com\/wp-content\/uploads\/2018\/05\/lettre-greffiers.jpeg 687w\" sizes=\"(max-width: 231px) 100vw, 231px\" \/><\/a><\/p>\n","protected":false},"excerpt":{"rendered":"<p>A travers une d\u00e9claration dont copie a \u00e9t\u00e9 donn\u00e9e \u00e0 guinee7.com, les greffiers d\u00e9cident de partir en gr\u00e8ve g\u00e9n\u00e9rale et illimit\u00e9e sur toute l\u2019\u00e9tendue du territoire national d\u00e8s le 8 juin 20118. Selon, Mamadou Dian Bald\u00e9, porte-parole des greffiers, la suspension de cette gr\u00e8ve sera subordonn\u00e9e \u00e0 l\u2019application totale avec effet r\u00e9troactif du statut particulier [&hellip;]<\/p>\n","protected":false},"author":2,"featured_media":722,"comment_status":"open","ping_status":"closed","sticky":false,"template":"","format":"standard","meta":{"buzzeditor_post_format":"","footnotes":""},"categories":[1],"tags":[],"class_list":["post-720","post","type-post","status-publish","format-standard","has-post-thumbnail","hentry","category-non-classe"],"jetpack_featured_media_url":"https:\/\/guineechrono.com\/wp-content\/uploads\/2018\/05\/greffier-en-chef-696x380.jpg","amp_enabled":true,"_links":{"self":[{"href":"https:\/\/guineechrono.com\/index.php\/wp-json\/wp\/v2\/posts\/720","targetHints":{"allow":["GET"]}}],"collection":[{"href":"https:\/\/guineechrono.com\/index.php\/wp-json\/wp\/v2\/posts"}],"about":[{"href":"https:\/\/guineechrono.com\/index.php\/wp-json\/wp\/v2\/types\/post"}],"author":[{"embeddable":true,"href":"https:\/\/guineechrono.com\/index.php\/wp-json\/wp\/v2\/users\/2"}],"replies":[{"embeddable":true,"href":"https:\/\/guineechrono.com\/index.php\/wp-json\/wp\/v2\/comments?post=720"}],"version-history":[{"count":0,"href":"https:\/\/guineechrono.com\/index.php\/wp-json\/wp\/v2\/posts\/720\/revisions"}],"wp:featuredmedia":[{"embeddable":true,"href":"https:\/\/guineechrono.com\/index.php\/wp-json\/wp\/v2\/media\/722"}],"wp:attachment":[{"href":"https:\/\/guineechrono.com\/index.php\/wp-json\/wp\/v2\/media?parent=720"}],"wp:term":[{"taxonomy":"category","embeddable":true,"href":"https:\/\/guineechrono.com\/index.php\/wp-json\/wp\/v2\/categories?post=720"},{"taxonomy":"post_tag","embeddable":true,"href":"https:\/\/guineechrono.com\/index.php\/wp-json\/wp\/v2\/tags?post=720"}],"curies":[{"name":"wp","href":"https:\/\/api.w.org\/{rel}","templated":true}]}}