{"id":7532,"date":"2019-08-24T18:09:17","date_gmt":"2019-08-24T17:09:17","guid":{"rendered":"http:\/\/guineechrono.com\/?p=7532"},"modified":"2019-08-24T18:09:17","modified_gmt":"2019-08-24T17:09:17","slug":"placement-des-journalistes-de-lynx-fm-sous-controle-judiciaire-le-pades-prise-le-silence","status":"publish","type":"post","link":"https:\/\/guineechrono.com\/index.php\/placement-des-journalistes-de-lynx-fm-sous-controle-judiciaire-le-pades-prise-le-silence\/","title":{"rendered":"Placement des journalistes de Lynx FM sous contr\u00f4le judiciaire : le PADES  prise le silence"},"content":{"rendered":"<p><strong>Apr\u00e8s les associations de presse, c\u2019est le tour du Partis des D\u00e9mocrates et de l\u2019Espoir (PADES) de briser le silence. Il l\u2019a fait ce samedi 24 ao\u00fbt 2019 au cours de leur assembl\u00e9e g\u00e9n\u00e9rale \u00e0 leur si\u00e8ge \u00e0 Nongo dans la commune de Ratoma.<\/strong><\/p>\n<p>D\u2019abord, le pr\u00e9sident du mouvement d\u00e9gagiste et membre du PADES, Mohamed Fito Diakit\u00e9, a d\u00e9nonc\u00e9 et condamn\u00e9 le comportement du pouvoir en place ce dernier temps a l\u2019endroit des parti politiques. \u00ab\u00a0<em>Ces derniers temps, nous voyons tout ce que le r\u00e9gime d\u2019Alpha Cond\u00e9 fait pour museler la presse priv\u00e9e en Guin\u00e9e qui est consid\u00e9r\u00e9e comme le barom\u00e8tre de la d\u00e9mocratie dans tous les pays. Mais, nous tenons \u00e0 dire que cette intimidation ne passera pas<\/em>\u00a0\u00bb, d\u00e9nonce-t-il.<\/p>\n<p>En suite, il a magnifi\u00e9 le soutien du PADES \u00e0 toute la presse dans ce combat.\u00a0\u00ab\u00a0<em>Je tiens \u00e0 dire que la presse \u00e0 tout le soutien du Parti PADES. Vive la libert\u00e9 de la presse et vive la d\u00e9mocratie en Guin\u00e9e<\/em>\u00a0\u00bb, ajoute-t-il.<\/p>\n<p>Il a enfin invit\u00e9 les militants et sympathisant du PADES de se pr\u00e9parer cons\u00e9quemment de recouper le pouvoir en 2020.<\/p>\n<p>A noter que cette assembl\u00e9e aussi s\u2019est pass\u00e9e \u00e0 l\u2019absence de Dr Ousmane Kaba en tourn\u00e9 \u00e0 l\u2019int\u00e9rieur du pays.<\/p>\n<p><strong>Aboubacar\u00a0Pastoria Camara <\/strong><\/p>\n","protected":false},"excerpt":{"rendered":"<p>Apr\u00e8s les associations de presse, c\u2019est le tour du Partis des D\u00e9mocrates et de l\u2019Espoir (PADES) de briser le silence. Il l\u2019a fait ce samedi 24 ao\u00fbt 2019 au cours de leur assembl\u00e9e g\u00e9n\u00e9rale \u00e0 leur si\u00e8ge \u00e0 Nongo dans la commune de Ratoma. D\u2019abord, le pr\u00e9sident du mouvement d\u00e9gagiste et membre du PADES, Mohamed [&hellip;]<\/p>\n","protected":false},"author":2,"featured_media":7533,"comment_status":"open","ping_status":"closed","sticky":false,"template":"","format":"standard","meta":{"buzzeditor_post_format":"","footnotes":""},"categories":[1],"tags":[],"class_list":["post-7532","post","type-post","status-publish","format-standard","has-post-thumbnail","hentry","category-non-classe"],"jetpack_featured_media_url":"https:\/\/guineechrono.com\/wp-content\/uploads\/2019\/08\/degager-1.png","amp_enabled":true,"_links":{"self":[{"href":"https:\/\/guineechrono.com\/index.php\/wp-json\/wp\/v2\/posts\/7532","targetHints":{"allow":["GET"]}}],"collection":[{"href":"https:\/\/guineechrono.com\/index.php\/wp-json\/wp\/v2\/posts"}],"about":[{"href":"https:\/\/guineechrono.com\/index.php\/wp-json\/wp\/v2\/types\/post"}],"author":[{"embeddable":true,"href":"https:\/\/guineechrono.com\/index.php\/wp-json\/wp\/v2\/users\/2"}],"replies":[{"embeddable":true,"href":"https:\/\/guineechrono.com\/index.php\/wp-json\/wp\/v2\/comments?post=7532"}],"version-history":[{"count":0,"href":"https:\/\/guineechrono.com\/index.php\/wp-json\/wp\/v2\/posts\/7532\/revisions"}],"wp:featuredmedia":[{"embeddable":true,"href":"https:\/\/guineechrono.com\/index.php\/wp-json\/wp\/v2\/media\/7533"}],"wp:attachment":[{"href":"https:\/\/guineechrono.com\/index.php\/wp-json\/wp\/v2\/media?parent=7532"}],"wp:term":[{"taxonomy":"category","embeddable":true,"href":"https:\/\/guineechrono.com\/index.php\/wp-json\/wp\/v2\/categories?post=7532"},{"taxonomy":"post_tag","embeddable":true,"href":"https:\/\/guineechrono.com\/index.php\/wp-json\/wp\/v2\/tags?post=7532"}],"curies":[{"name":"wp","href":"https:\/\/api.w.org\/{rel}","templated":true}]}}