{"id":7541,"date":"2019-08-25T09:41:06","date_gmt":"2019-08-25T08:41:06","guid":{"rendered":"http:\/\/guineechrono.com\/?p=7541"},"modified":"2020-05-19T16:34:40","modified_gmt":"2020-05-19T15:34:40","slug":"algerie-la-ministre-de-la-culture-demissionne-a-la-suite-dune-bousculade-mortelle","status":"publish","type":"post","link":"https:\/\/guineechrono.com\/index.php\/algerie-la-ministre-de-la-culture-demissionne-a-la-suite-dune-bousculade-mortelle\/","title":{"rendered":"Alg\u00e9rie : la ministre de la Culture d\u00e9missionne \u00e0 la suite d&rsquo;une bousculade mortelle"},"content":{"rendered":"<p>Meriem Merdaci a pr\u00e9sent\u00e9 sa d\u00e9mission au chef de l&rsquo;Etat par int\u00e9rim Abdelkader Bensalah qui l&rsquo;a accept\u00e9e, selon un communiqu\u00e9 de la pr\u00e9sidence alg\u00e9rienne.<\/p>\n<p>Vendredi, le directeur g\u00e9n\u00e9ral de l&rsquo;Office national des droits d&rsquo;auteurs (Onda), organisme public qui organisait le concert, a \u00e9t\u00e9 limog\u00e9 par le Premier ministre Noureddine Bedoui.<\/p>\n<p>La bousculade est survenue jeudi soir \u00e0 l&rsquo;une des entr\u00e9es du Stade du 20-Ao\u00fbt, o\u00f9 avait d\u00e9but\u00e9 le concert, dans le quartier populaire de Belouizdad.<\/p>\n<p>Les cinq personnes d\u00e9c\u00e9d\u00e9es \u00e9taient \u00e2g\u00e9es de 13 \u00e0 22 ans.<\/p>\n<p>Le parquet d&rsquo;Alger a annonc\u00e9 vendredi l&rsquo;ouverture d&rsquo;une enqu\u00eate devant d\u00e9terminer les responsabilit\u00e9s et les circonstances de la bousculade.<\/p>\n<p>Des proches des victimes et de nombreux Alg\u00e9riens ont critiqu\u00e9 l&rsquo;organisation du concert dans ce stade, l&rsquo;un des plus anciens du pays.<\/p>\n<p>C&rsquo;\u00e9tait le seul et unique concert pr\u00e9vu en Alg\u00e9rie de Soolking, 29 ans, depuis l&rsquo;envol de sa carri\u00e8re internationale en 2018.<\/p>\n<p>De son vrai nom Abderraouf Derradji, il vit en France depuis 2014.<\/p>\n<p><strong>Bbcafrique.com<\/strong><\/p>\n","protected":false},"excerpt":{"rendered":"<p>Meriem Merdaci a pr\u00e9sent\u00e9 sa d\u00e9mission au chef de l&rsquo;Etat par int\u00e9rim Abdelkader Bensalah qui l&rsquo;a accept\u00e9e, selon un communiqu\u00e9 de la pr\u00e9sidence alg\u00e9rienne. Vendredi, le directeur g\u00e9n\u00e9ral de l&rsquo;Office national des droits d&rsquo;auteurs (Onda), organisme public qui organisait le concert, a \u00e9t\u00e9 limog\u00e9 par le Premier ministre Noureddine Bedoui. La bousculade est survenue jeudi [&hellip;]<\/p>\n","protected":false},"author":2,"featured_media":7542,"comment_status":"open","ping_status":"closed","sticky":false,"template":"","format":"standard","meta":{"buzzeditor_post_format":"","footnotes":""},"categories":[1,43],"tags":[],"class_list":["post-7541","post","type-post","status-publish","format-standard","has-post-thumbnail","hentry","category-non-classe","category-politique"],"jetpack_featured_media_url":"https:\/\/guineechrono.com\/wp-content\/uploads\/2019\/08\/algerie2.jpg","amp_enabled":true,"_links":{"self":[{"href":"https:\/\/guineechrono.com\/index.php\/wp-json\/wp\/v2\/posts\/7541","targetHints":{"allow":["GET"]}}],"collection":[{"href":"https:\/\/guineechrono.com\/index.php\/wp-json\/wp\/v2\/posts"}],"about":[{"href":"https:\/\/guineechrono.com\/index.php\/wp-json\/wp\/v2\/types\/post"}],"author":[{"embeddable":true,"href":"https:\/\/guineechrono.com\/index.php\/wp-json\/wp\/v2\/users\/2"}],"replies":[{"embeddable":true,"href":"https:\/\/guineechrono.com\/index.php\/wp-json\/wp\/v2\/comments?post=7541"}],"version-history":[{"count":0,"href":"https:\/\/guineechrono.com\/index.php\/wp-json\/wp\/v2\/posts\/7541\/revisions"}],"wp:featuredmedia":[{"embeddable":true,"href":"https:\/\/guineechrono.com\/index.php\/wp-json\/wp\/v2\/media\/7542"}],"wp:attachment":[{"href":"https:\/\/guineechrono.com\/index.php\/wp-json\/wp\/v2\/media?parent=7541"}],"wp:term":[{"taxonomy":"category","embeddable":true,"href":"https:\/\/guineechrono.com\/index.php\/wp-json\/wp\/v2\/categories?post=7541"},{"taxonomy":"post_tag","embeddable":true,"href":"https:\/\/guineechrono.com\/index.php\/wp-json\/wp\/v2\/tags?post=7541"}],"curies":[{"name":"wp","href":"https:\/\/api.w.org\/{rel}","templated":true}]}}