{"id":7651,"date":"2019-08-30T08:23:41","date_gmt":"2019-08-30T07:23:41","guid":{"rendered":"http:\/\/guineechrono.com\/?p=7651"},"modified":"2019-08-30T09:25:13","modified_gmt":"2019-08-30T08:25:13","slug":"le-syndicat-de-la-presse-chez-le-ministre-de-linformation-et-de-la-communication","status":"publish","type":"post","link":"https:\/\/guineechrono.com\/index.php\/le-syndicat-de-la-presse-chez-le-ministre-de-linformation-et-de-la-communication\/","title":{"rendered":"Le Syndicat de la presse chez le ministre de l&rsquo;information et de la communication"},"content":{"rendered":"<p><strong>Le ministre Amara Sompar\u00e9 a re\u00e7u en audience ce mercredi, 28 Ao\u00fbt 2019 les repr\u00e9sentants des m\u00e9dias priv\u00e9s de Guin\u00e9e. Cette d\u00e9l\u00e9gation conduite par le secr\u00e9taire g\u00e9n\u00e9ral du Syndicat des Professionnels de la Presse Priv\u00e9e de Guin\u00e9e (SPPG), \u00e9tait porteuse d\u2019un m\u00e9morandum sign\u00e9 par l\u2019ensemble des Hommes de m\u00e9dias afin d\u2019interpeller les acteurs sociaux sur le taux \u00e9lev\u00e9 des journalistes traduits devant les officiers de la police judiciaire ou les tribunaux de Conakry.<\/strong><span id=\"more-987\"><\/span><\/p>\n<p>Devant des cadres du minist\u00e8re de l\u2019Information et de la Communication, Sidy Diallo a d\u00e9peint la situation pr\u00e9occupante des journalistes guin\u00e9ens qui, depuis un certain temps, sont convoqu\u00e9s \u00e0 la DPJ en lieu et place de la Haute Autorit\u00e9 de la Communication. En r\u00e9ponse, le Ministre Sompar\u00e9 a une fois pris l\u2019engagement devant la d\u00e9l\u00e9gation des syndicats de faire respecter la Loi 002 portant libert\u00e9 de la presse.<\/p>\n<p>&nbsp;<\/p>\n","protected":false},"excerpt":{"rendered":"<p>Le ministre Amara Sompar\u00e9 a re\u00e7u en audience ce mercredi, 28 Ao\u00fbt 2019 les repr\u00e9sentants des m\u00e9dias priv\u00e9s de Guin\u00e9e. Cette d\u00e9l\u00e9gation conduite par le secr\u00e9taire g\u00e9n\u00e9ral du Syndicat des Professionnels de la Presse Priv\u00e9e de Guin\u00e9e (SPPG), \u00e9tait porteuse d\u2019un m\u00e9morandum sign\u00e9 par l\u2019ensemble des Hommes de m\u00e9dias afin d\u2019interpeller les acteurs sociaux sur [&hellip;]<\/p>\n","protected":false},"author":2,"featured_media":7652,"comment_status":"open","ping_status":"closed","sticky":false,"template":"","format":"standard","meta":{"buzzeditor_post_format":"","footnotes":""},"categories":[1],"tags":[],"class_list":["post-7651","post","type-post","status-publish","format-standard","has-post-thumbnail","hentry","category-non-classe"],"jetpack_featured_media_url":"https:\/\/guineechrono.com\/wp-content\/uploads\/2019\/08\/Screenshot_20190830-091418.jpg","amp_enabled":true,"_links":{"self":[{"href":"https:\/\/guineechrono.com\/index.php\/wp-json\/wp\/v2\/posts\/7651","targetHints":{"allow":["GET"]}}],"collection":[{"href":"https:\/\/guineechrono.com\/index.php\/wp-json\/wp\/v2\/posts"}],"about":[{"href":"https:\/\/guineechrono.com\/index.php\/wp-json\/wp\/v2\/types\/post"}],"author":[{"embeddable":true,"href":"https:\/\/guineechrono.com\/index.php\/wp-json\/wp\/v2\/users\/2"}],"replies":[{"embeddable":true,"href":"https:\/\/guineechrono.com\/index.php\/wp-json\/wp\/v2\/comments?post=7651"}],"version-history":[{"count":0,"href":"https:\/\/guineechrono.com\/index.php\/wp-json\/wp\/v2\/posts\/7651\/revisions"}],"wp:featuredmedia":[{"embeddable":true,"href":"https:\/\/guineechrono.com\/index.php\/wp-json\/wp\/v2\/media\/7652"}],"wp:attachment":[{"href":"https:\/\/guineechrono.com\/index.php\/wp-json\/wp\/v2\/media?parent=7651"}],"wp:term":[{"taxonomy":"category","embeddable":true,"href":"https:\/\/guineechrono.com\/index.php\/wp-json\/wp\/v2\/categories?post=7651"},{"taxonomy":"post_tag","embeddable":true,"href":"https:\/\/guineechrono.com\/index.php\/wp-json\/wp\/v2\/tags?post=7651"}],"curies":[{"name":"wp","href":"https:\/\/api.w.org\/{rel}","templated":true}]}}