{"id":7921,"date":"2019-08-31T05:22:46","date_gmt":"2019-08-31T04:22:46","guid":{"rendered":"http:\/\/guineechrono.com\/?p=7921"},"modified":"2019-09-01T02:33:53","modified_gmt":"2019-09-01T01:33:53","slug":"guinee-le-ministere-des-peches-annonce-la-fin-du-repos-biologique-declaration","status":"publish","type":"post","link":"https:\/\/guineechrono.com\/index.php\/guinee-le-ministere-des-peches-annonce-la-fin-du-repos-biologique-declaration\/","title":{"rendered":"Guin\u00e9e : le minist\u00e8re des p\u00eaches annonce la fin du repos biologique (d\u00e9claration)"},"content":{"rendered":"<p><strong>Comme d\u2019habitude, le minist\u00e8re des p\u00eaches, de l\u2019aquaculture et de l\u2019\u00e9conomie maritime a annonc\u00e9 la fin du repos biologique ce vendredi, 30 aout 2019 apr\u00e8s deux mois d\u2019interdiction. C\u2019est dans une d\u00e9claration rendu public par son secr\u00e9taire g\u00e9n\u00e9ral Sophiane Sankhon.<\/strong><\/p>\n<p>Nous vous proposons l\u2019int\u00e9gralit\u00e9 de ladite d\u00e9claration<\/p>\n<p><em>Il me revient l\u2019honneur, au nom de monsieur le ministre des p\u00eaches, de l\u2019aquaculture et de l\u2019\u00e9conomie maritime d\u2019informer l\u2019ensemble des operateurs du secteur de la p\u00eache maritime, de la r\u00e9ouverture le 31 aout 2019 \u00e0 z\u00e9ro heure temps universel (TU), de la zone de p\u00eache qui s\u2019\u00e9tend jusqu\u2019\u00e0 la limite des 60 milles marins, calcul\u00e9e a partir de la ligne de base.<\/em><\/p>\n<p><em> La fin du repos biologique, ainsi annonc\u00e9, conform\u00e9ment aux dispositions du plan d\u2019am\u00e9nagement et de gestion des p\u00eacheries pour l\u2019ann\u00e9e 2019 est en pr\u00e9lude \u00e0 la reprise des activit\u00e9s de p\u00eache industrielle d\u00e9verbales et le p\u00eache artisanale avanc\u00e9e chati\u00e8re.<\/em><\/p>\n<p><em>A cette occasion , le ministres de p\u00eaches , de l\u2019aquaculture et de l\u2019\u00e9conomie maritime f\u00e9licite tous les partenaires qui ont bien voulu accompagner le d\u00e9partement dans la mise en \u0153uvre des mesures relatives au repos biologique , afin de garantir l\u2019exploitation durable des ressources , particuli\u00e8rement la pr\u00e9fecture maritime de Guin\u00e9e , la gendarmerie maritime et la marine nationale a travers les ROM.<\/em><\/p>\n<p><em>Aussi , au nom de l\u2019ensemble des cadre et agents du minist\u00e8re des p\u00eaches , de l\u2019aquaculture et de l\u2019\u00e9conomie maritale , au nom du ministre et \u00e0 mon nom propre j\u2019adresse mes condol\u00e9ances aux acteurs de la p\u00eache artisanales , pour les pertes subis durant ces dernier mois , par suite de naufrage , et les exhortent au suivi des mesures de s\u00e9curit\u00e9 maritime , notamment par le port des gilets de sauvetages et l\u2019observation des consignes des bulletins m\u00e9t\u00e9o.<\/em><\/p>\n<p><em>Par ailleurs tous les operateurs sont invit\u00e9s, au respect des dispositions des lois et r\u00e8glement qui les activit\u00e9s de p\u00eache en r\u00e9publique de Guin\u00e9e, notamment celles relatives aux conditions d\u2019acc\u00e8s a la ressources et aux mesures de gestion durables. <\/em><\/p>\n<p><strong>R\u00e9daction <\/strong><\/p>\n","protected":false},"excerpt":{"rendered":"<p>Comme d\u2019habitude, le minist\u00e8re des p\u00eaches, de l\u2019aquaculture et de l\u2019\u00e9conomie maritime a annonc\u00e9 la fin du repos biologique ce vendredi, 30 aout 2019 apr\u00e8s deux mois d\u2019interdiction. C\u2019est dans une d\u00e9claration rendu public par son secr\u00e9taire g\u00e9n\u00e9ral Sophiane Sankhon. Nous vous proposons l\u2019int\u00e9gralit\u00e9 de ladite d\u00e9claration Il me revient l\u2019honneur, au nom de monsieur [&hellip;]<\/p>\n","protected":false},"author":2,"featured_media":7922,"comment_status":"open","ping_status":"closed","sticky":false,"template":"","format":"standard","meta":{"buzzeditor_post_format":"","footnotes":""},"categories":[1],"tags":[],"class_list":["post-7921","post","type-post","status-publish","format-standard","has-post-thumbnail","hentry","category-non-classe"],"jetpack_featured_media_url":"https:\/\/guineechrono.com\/wp-content\/uploads\/2019\/08\/peche2.jpg","amp_enabled":true,"_links":{"self":[{"href":"https:\/\/guineechrono.com\/index.php\/wp-json\/wp\/v2\/posts\/7921","targetHints":{"allow":["GET"]}}],"collection":[{"href":"https:\/\/guineechrono.com\/index.php\/wp-json\/wp\/v2\/posts"}],"about":[{"href":"https:\/\/guineechrono.com\/index.php\/wp-json\/wp\/v2\/types\/post"}],"author":[{"embeddable":true,"href":"https:\/\/guineechrono.com\/index.php\/wp-json\/wp\/v2\/users\/2"}],"replies":[{"embeddable":true,"href":"https:\/\/guineechrono.com\/index.php\/wp-json\/wp\/v2\/comments?post=7921"}],"version-history":[{"count":0,"href":"https:\/\/guineechrono.com\/index.php\/wp-json\/wp\/v2\/posts\/7921\/revisions"}],"wp:featuredmedia":[{"embeddable":true,"href":"https:\/\/guineechrono.com\/index.php\/wp-json\/wp\/v2\/media\/7922"}],"wp:attachment":[{"href":"https:\/\/guineechrono.com\/index.php\/wp-json\/wp\/v2\/media?parent=7921"}],"wp:term":[{"taxonomy":"category","embeddable":true,"href":"https:\/\/guineechrono.com\/index.php\/wp-json\/wp\/v2\/categories?post=7921"},{"taxonomy":"post_tag","embeddable":true,"href":"https:\/\/guineechrono.com\/index.php\/wp-json\/wp\/v2\/tags?post=7921"}],"curies":[{"name":"wp","href":"https:\/\/api.w.org\/{rel}","templated":true}]}}