{"id":8791,"date":"2019-09-22T10:54:58","date_gmt":"2019-09-22T09:54:58","guid":{"rendered":"http:\/\/guineechrono.com\/?p=8791"},"modified":"2019-09-23T09:15:37","modified_gmt":"2019-09-23T08:15:37","slug":"eliminatoire-chan-2020-le-senegal-a-battu-la-guinee","status":"publish","type":"post","link":"https:\/\/guineechrono.com\/index.php\/eliminatoire-chan-2020-le-senegal-a-battu-la-guinee\/","title":{"rendered":"Eliminatoire CAN 2020 : le S\u00e9n\u00e9gal a battu la Guin\u00e9e"},"content":{"rendered":"<p><strong>Le syli local de Guin\u00e9e a \u00e9t\u00e9 a \u00e9t\u00e9 battu en d\u00e9placement par le S\u00e9n\u00e9gal ce samedi, 21 septembre 2019 sur le score d\u2019un but \u00e0 z\u00e9ro (1-0). cette rencontre s\u2019inscrit dans le cadre des \u00e9liminatoires du Championnat d\u2019Afrique des Nations pr\u00e9vu en 2020 au Cameroun. <\/strong><\/p>\n<p>Les locaux guin\u00e9ens se sont bien lanc\u00e9s dans le jeu en premi\u00e8re partie en b\u00e9n\u00e9ficiant de la plus grosse occasion du match. L\u2019attaquant de l\u2019AS Kaloum Mamadouba Bangoura profite d\u2019une mauvaise sortie du gardien s\u00e9n\u00e9galais mais il manque le cadre et se heurte au poteau \u00e0 la 34e minute. Et malgr\u00e9 les multiples occasions, les deux formations iront aux vestiaires sur un nul de (0-0).<\/p>\n<p>Au retour des vestiaires, on sentait de la m\u00eame intensit\u00e9 chez les guin\u00e9ens et s\u00e9n\u00e9galais. A la fin du match dans les ultimes minutes, l\u2019\u00e9quipe locale s\u00e9n\u00e9galaise obtient une belle opportunit\u00e9. Jean Mouste a \u00e9t\u00e9 vite \u00e9cart\u00e9 par Assane MBodj qui va bien envelopper sa frappe pour finir au fond des filets guin\u00e9ens \u00e0 la 86e minute (1-0). Gr\u00e2ce \u00e0 Assane MBodj, le S\u00e9n\u00e9gal fait un premier pas vers la qualification au CHAN Cameroun 2020.<\/p>\n<p>La Guin\u00e9e recevra donc dans trois semaines le S\u00e9n\u00e9gal au stade du 28 septembre de Conakry pour le match retour.<\/p>\n<p><strong>R\u00e9daction <\/strong><\/p>\n<p>&nbsp;<\/p>\n","protected":false},"excerpt":{"rendered":"<p>Le syli local de Guin\u00e9e a \u00e9t\u00e9 a \u00e9t\u00e9 battu en d\u00e9placement par le S\u00e9n\u00e9gal ce samedi, 21 septembre 2019 sur le score d\u2019un but \u00e0 z\u00e9ro (1-0). cette rencontre s\u2019inscrit dans le cadre des \u00e9liminatoires du Championnat d\u2019Afrique des Nations pr\u00e9vu en 2020 au Cameroun. Les locaux guin\u00e9ens se sont bien lanc\u00e9s dans le [&hellip;]<\/p>\n","protected":false},"author":2,"featured_media":8792,"comment_status":"open","ping_status":"closed","sticky":false,"template":"","format":"standard","meta":{"buzzeditor_post_format":"","footnotes":""},"categories":[1],"tags":[],"class_list":["post-8791","post","type-post","status-publish","format-standard","has-post-thumbnail","hentry","category-non-classe"],"jetpack_featured_media_url":"https:\/\/guineechrono.com\/wp-content\/uploads\/2019\/09\/syli2.jpg","amp_enabled":true,"_links":{"self":[{"href":"https:\/\/guineechrono.com\/index.php\/wp-json\/wp\/v2\/posts\/8791","targetHints":{"allow":["GET"]}}],"collection":[{"href":"https:\/\/guineechrono.com\/index.php\/wp-json\/wp\/v2\/posts"}],"about":[{"href":"https:\/\/guineechrono.com\/index.php\/wp-json\/wp\/v2\/types\/post"}],"author":[{"embeddable":true,"href":"https:\/\/guineechrono.com\/index.php\/wp-json\/wp\/v2\/users\/2"}],"replies":[{"embeddable":true,"href":"https:\/\/guineechrono.com\/index.php\/wp-json\/wp\/v2\/comments?post=8791"}],"version-history":[{"count":0,"href":"https:\/\/guineechrono.com\/index.php\/wp-json\/wp\/v2\/posts\/8791\/revisions"}],"wp:featuredmedia":[{"embeddable":true,"href":"https:\/\/guineechrono.com\/index.php\/wp-json\/wp\/v2\/media\/8792"}],"wp:attachment":[{"href":"https:\/\/guineechrono.com\/index.php\/wp-json\/wp\/v2\/media?parent=8791"}],"wp:term":[{"taxonomy":"category","embeddable":true,"href":"https:\/\/guineechrono.com\/index.php\/wp-json\/wp\/v2\/categories?post=8791"},{"taxonomy":"post_tag","embeddable":true,"href":"https:\/\/guineechrono.com\/index.php\/wp-json\/wp\/v2\/tags?post=8791"}],"curies":[{"name":"wp","href":"https:\/\/api.w.org\/{rel}","templated":true}]}}