{"id":903,"date":"2018-06-23T18:57:57","date_gmt":"2018-06-23T17:57:57","guid":{"rendered":"http:\/\/guineechrono.com\/?p=903"},"modified":"2018-06-23T19:01:06","modified_gmt":"2018-06-23T18:01:06","slug":"linterdiction-de-la-circulation-des-motos-taxi-a-kaloum-les-conducteurs-des-motos-taxis-sindignent","status":"publish","type":"post","link":"https:\/\/guineechrono.com\/index.php\/linterdiction-de-la-circulation-des-motos-taxi-a-kaloum-les-conducteurs-des-motos-taxis-sindignent\/","title":{"rendered":"L\u2019interdiction de la circulation des Motos taxi \u00e0 Kaloum : Les conducteurs des Motos Taxis s\u2019indignent"},"content":{"rendered":"<p><strong>Suite au communiqu\u00e9 du Ministre en charge de la protection civile et de la s\u00e9curit\u00e9 relatif \u00e0 la non circulation des Motos taxi dans la commune urbaine de Kaloum \u00e0 compt\u00e9 du lundi 25 juin 2018. Notre \u00e9quipe de reportage a tendu le micro ce samedi a certains jeunes conducteurs de moto taxi et les citoyens pour recueillir leurs sentiments par rapport a cette d\u00e9cision. Lisez\u00a0!!!\u00a0<\/strong><\/p>\n<p>Thierno Diallo, dipl\u00f4m\u00e9 sans emploi et actuellement conducteur de moto taxi \u00e0 Kaloum \u00a0a tout d\u2019abord fustig\u00e9 cette d\u00e9cision. \u00a0\u00ab\u00a0\u00a0Cette d\u00e9cision n\u2019est pas bonne pour nous les conducteurs, vu que nos clients sont \u00e0 kaloum ici, il travaille ici et pour \u00e9viter le retard il compte emprunter une moto. Si ce n\u2019est pas le manque de travail, je ne vais exercer ce travail, je ch\u00f4me et rien ne marche et je ne peux pas rester les bras crois\u00e9s\u00a0\u00bb, a-t-il dit.<\/p>\n<p>Et d\u2019ajouter\u00a0: \u00ab\u00a0 nous sommes conscient que certains de nos amis conduit tr\u00e8s mal sur la circulation et les autorit\u00e9s peuvent prendre des dispositions par rapport a tout cela. Il vaut mieux qu\u2019il r\u00e9glemente au lieu d\u2019interdire, ce qui serai bon pour nous et pour nos clients\u00a0\u00bb, a-t-il ajout\u00e9.<\/p>\n<p>A en croire Thierno Diallo, cette activit\u00e9 a un impact \u00e9conomique et sociale\u00a0: \u00ab\u00a0Nous connaissons tous l&rsquo;importance capitale de cette activit\u00e9 sur le plan \u00e9conomique et m\u00eame sociale car elle permet aux citoyens d&rsquo;\u00eatre au rendez vous en cas d\u2019embouteillages. Ensuite les taxes que nous payions au gouvernement est \u00e9normes\u00a0\u00bb, a-t-il expliqu\u00e9.<\/p>\n<p>Alya Soumah, conducteur de taxi moto a quand lui point\u00e9 du doigt les policiers qui sont \u00e0 la base de tous les pagailles dans le centre ville. \u00ab\u00a0 Les policiers nous offenses m\u00eame si nous sommes en normes et m\u00eame si nous sommes avec nos clients. Nous sommes oblig\u00e9s de fuir pas \u00a0de ne pas respecter les panneaux de signalisations\u00a0\u00bb, a-t-il dit.<\/p>\n<p>De son cot\u00e9, Ibrahima Sory Camara, citoyen, \u00a0demande aussi aux autorit\u00e9s de r\u00e9glementer les motos taxis au lieu de l&rsquo;interdire. Selon lui, dans commune Kaloum \u00a0il y a trop de d\u2019embouteillage et si tu a une urgence tu sera oblig\u00e9 d&#8217;emprunter une moto taxi pour te rendre \u00e0 temps.<\/p>\n<p>En ce qui concerne les agents routiers, Fort malheureusement ils n\u2019ont pas accept\u00e9s de r\u00e9pondre \u00e0 nos questions.<\/p>\n<p>Au moment que mettions ce reportage en ligne, des rumeurs circules que cette d\u00e9cision a \u00e9t\u00e9 report\u00e9 pour le mois prochain par la demande des syndicats, suite aux examens nationaux.<\/p>\n<p>Nous y reviendrons\u00a0!!!<\/p>\n<p><strong>Ousmane Baga Cont\u00e9<\/strong><\/p>\n","protected":false},"excerpt":{"rendered":"<p>Suite au communiqu\u00e9 du Ministre en charge de la protection civile et de la s\u00e9curit\u00e9 relatif \u00e0 la non circulation des Motos taxi dans la commune urbaine de Kaloum \u00e0 compt\u00e9 du lundi 25 juin 2018. Notre \u00e9quipe de reportage a tendu le micro ce samedi a certains jeunes conducteurs de moto taxi et les [&hellip;]<\/p>\n","protected":false},"author":2,"featured_media":906,"comment_status":"open","ping_status":"closed","sticky":false,"template":"","format":"standard","meta":{"buzzeditor_post_format":"","footnotes":""},"categories":[31],"tags":[],"class_list":["post-903","post","type-post","status-publish","format-standard","has-post-thumbnail","hentry","category-reportage"],"jetpack_featured_media_url":"https:\/\/guineechrono.com\/wp-content\/uploads\/2018\/06\/Taxi-motos-dos.jpg","amp_enabled":true,"_links":{"self":[{"href":"https:\/\/guineechrono.com\/index.php\/wp-json\/wp\/v2\/posts\/903","targetHints":{"allow":["GET"]}}],"collection":[{"href":"https:\/\/guineechrono.com\/index.php\/wp-json\/wp\/v2\/posts"}],"about":[{"href":"https:\/\/guineechrono.com\/index.php\/wp-json\/wp\/v2\/types\/post"}],"author":[{"embeddable":true,"href":"https:\/\/guineechrono.com\/index.php\/wp-json\/wp\/v2\/users\/2"}],"replies":[{"embeddable":true,"href":"https:\/\/guineechrono.com\/index.php\/wp-json\/wp\/v2\/comments?post=903"}],"version-history":[{"count":0,"href":"https:\/\/guineechrono.com\/index.php\/wp-json\/wp\/v2\/posts\/903\/revisions"}],"wp:featuredmedia":[{"embeddable":true,"href":"https:\/\/guineechrono.com\/index.php\/wp-json\/wp\/v2\/media\/906"}],"wp:attachment":[{"href":"https:\/\/guineechrono.com\/index.php\/wp-json\/wp\/v2\/media?parent=903"}],"wp:term":[{"taxonomy":"category","embeddable":true,"href":"https:\/\/guineechrono.com\/index.php\/wp-json\/wp\/v2\/categories?post=903"},{"taxonomy":"post_tag","embeddable":true,"href":"https:\/\/guineechrono.com\/index.php\/wp-json\/wp\/v2\/tags?post=903"}],"curies":[{"name":"wp","href":"https:\/\/api.w.org\/{rel}","templated":true}]}}