{"id":925,"date":"2018-06-27T12:41:18","date_gmt":"2018-06-27T11:41:18","guid":{"rendered":"http:\/\/guineechrono.com\/?p=925"},"modified":"2018-06-27T12:41:18","modified_gmt":"2018-06-27T11:41:18","slug":"guinee-la-journee-internationale-de-soutien-aux-victimes-de-la-torture-celebree","status":"publish","type":"post","link":"https:\/\/guineechrono.com\/index.php\/guinee-la-journee-internationale-de-soutien-aux-victimes-de-la-torture-celebree\/","title":{"rendered":"Guin\u00e9e: la journ\u00e9e internationale de soutien aux victimes de la torture c\u00e9l\u00e9br\u00e9e"},"content":{"rendered":"<p><strong>La r\u00e9publique de Guin\u00e9e a c\u00e9l\u00e9br\u00e9 ce mardi 26 juin 2018 la journ\u00e9e internationale de soutien aux victimes de la torture commun\u00e9ment appel\u00e9e\u00a0 \u2018\u2019journ\u00e9e internationale de lutte contre la torture\u2019\u2019 sous le th\u00e8me: \u2018\u2019Pour une Guin\u00e9e sans torture\u2019\u2019.<\/strong><\/p>\n<p>Prenant la parole, Madame Asmaou Diallo pr\u00e9sidente de l\u2019association des victimes et parents du 28 septembre a au nom des organisations des d\u00e9fenses de droits humains dit que cette journ\u00e9e est l\u2019occasion d\u2019appeler toutes les parties prenantes, o\u00f9 qu\u2019elles se trouvent, \u00e0 s\u2019unir pour soutenir les centaines de milliers de personnes dans le monde qui ont \u00e9t\u00e9 victimes de la torture et celles qui sont encore tortur\u00e9es aujourd\u2019hui.<\/p>\n<div><ins class=\"adsbygoogle\"><ins id=\"aswift_3_expand\"><ins id=\"aswift_3_anchor\"><\/ins><\/ins><\/ins><\/div>\n<p><em>\u00abLa torture demeure r\u00e9pandue et il y a des victimes de la torture dans toutes les r\u00e9gions du monde. Les \u00e9tudes montrent qu\u2019un nombre choquant de personnes sont m\u00eames favorables \u00e0 son utilisation. En Guin\u00e9e, force est de reconna\u00eetre que la pratique de la torture demeure encore dans certains lieux de d\u00e9tention. Certes, en mati\u00e8re de lutte contre cette pratique barbare, notre pays a connu des avanc\u00e9es significatives dans la r\u00e9alisation de ses obligations internationales par la ratification le 10 octobre 1989 de la Convention des Nations Unies contre la torture et autres peines ou traitements cruels, inhumains et d\u00e9gradants ainsi que l\u2019interdiction, la pr\u00e9vention, l\u2019incrimination et la r\u00e9pression de la torture \u00e0 travers la Constitution du 7 mai 2010, le code de proc\u00e9dure p\u00e9nale et le code p\u00e9nal de 2016\u00bb<\/em>, a-t-elle indiqu\u00e9.<\/p>\n<p>Et Madame Asmaou de poursuivre\u00a0:\u00a0<em>\u00abCependant, ces efforts au plan juridique cachent mal les nombreux cas de torture enregistr\u00e9s dans le pays et pour lesquels l\u2019impunit\u00e9 des auteurs reste assur\u00e9e. Pour s\u2019en convaincre, il convient de se rappeler du film ignoble de torture inflig\u00e9e \u00e0 Monsieur Ibrahima Diogo SOW, par des \u00e9l\u00e9ments de la Brigade Anti-Criminalit\u00e9 de Kakimbo qui le soup\u00e7onnait d\u2019appartenir \u00e0 une association de malfaiteurs et qui avait circul\u00e9 sur Internet en mars 2016. Malheureusement, la victime a \u00e9t\u00e9 jug\u00e9e et condamn\u00e9e en janvier 2018 \u00e0 la peine de 15 ans de r\u00e9clusion criminelle pour association de malfaiteurs et croupit actuellement \u00e0 la Maison centrale de Conakry en d\u00e9pit de ses aveux extorqu\u00e9s sur la base de la torture\u00bb.<\/em><\/p>\n<p>De son c\u00f4t\u00e9, Louis Marie Bouaka repr\u00e9sentant du haut-commissariat des nations unies aux droits humains(HCDH) a au nom des instances internationales dit que la convention contre la torture adopt\u00e9e par l\u2019assembl\u00e9e g\u00e9n\u00e9rale de 1984\u00a0 et ratifi\u00e9e par 163 Etats est l\u2019instrument le plus complet en droit\u00a0<a href=\"https:\/\/aminata.com\/international\/\">international<\/a>.<\/p>\n<p><em>\u00abElle interdit la torture en toute circonstance. \u00a0Les principes contenus dans ce trait\u00e9 sont aussi pertinents. La torture est un crime. Elle ne peut jamais \u00eatre autoris\u00e9e, ni justifi\u00e9e m\u00eame dans des contextes d\u2019urgence, d\u2019instabilit\u00e9\u00a0<a href=\"https:\/\/aminata.com\/politique\/\">politique<\/a>, de menace de guerre ou m\u00eame en tant de guerre. Les Etats ont l\u2019obligation de prendre toutes les mesures n\u00e9cessaires pour pr\u00e9venir les actes de torture dans n\u2019importe quel territoire relevant de leur juridiction. Ceux qui commettent des actes de torture seront poursuivis\u00a0 o\u00f9 qu\u2019ils se trouvent. Les victimes de torture ont droit \u00e0 la r\u00e9habilitation et \u00e0 la r\u00e9paration\u00bb<\/em>, a-t-il pr\u00e9cis\u00e9.<\/p>\n<p>Alya Diaby pr\u00e9sident de l\u2019institution nationale ind\u00e9pendante des droits humains(INIDH)\u00a0 a laiss\u00e9 entendre que son institution est sp\u00e9cialement comp\u00e9tente pour pr\u00e9venir la torture et toute autre peine de traitement cruel, inhumain ou d\u00e9gradant.<\/p>\n<p><em>\u00abLa torture est interdite. C\u2019est un droit ind\u00e9logeable. La Guin\u00e9e, convenons-en, traine une lourde hypoth\u00e8que de violences. La torture a souvent \u00e9t\u00e9 utilis\u00e9e lors de l\u2019arrestation, la garde et le traitement des d\u00e9tenus et prisonniers. Notre histoire commune l\u2019atteste\u00bb<\/em>, a-t-il dit au micro de notre reporter.<\/p>\n<p><strong>aminata.com<\/strong><\/p>\n","protected":false},"excerpt":{"rendered":"<p>La r\u00e9publique de Guin\u00e9e a c\u00e9l\u00e9br\u00e9 ce mardi 26 juin 2018 la journ\u00e9e internationale de soutien aux victimes de la torture commun\u00e9ment appel\u00e9e\u00a0 \u2018\u2019journ\u00e9e internationale de lutte contre la torture\u2019\u2019 sous le th\u00e8me: \u2018\u2019Pour une Guin\u00e9e sans torture\u2019\u2019. Prenant la parole, Madame Asmaou Diallo pr\u00e9sidente de l\u2019association des victimes et parents du 28 septembre a [&hellip;]<\/p>\n","protected":false},"author":2,"featured_media":926,"comment_status":"open","ping_status":"closed","sticky":false,"template":"","format":"standard","meta":{"buzzeditor_post_format":"","footnotes":""},"categories":[1],"tags":[],"class_list":["post-925","post","type-post","status-publish","format-standard","has-post-thumbnail","hentry","category-non-classe"],"jetpack_featured_media_url":"https:\/\/guineechrono.com\/wp-content\/uploads\/2018\/06\/journ\u00e9e-internationale-contre-la-torture-696x392.jpg","amp_enabled":true,"_links":{"self":[{"href":"https:\/\/guineechrono.com\/index.php\/wp-json\/wp\/v2\/posts\/925","targetHints":{"allow":["GET"]}}],"collection":[{"href":"https:\/\/guineechrono.com\/index.php\/wp-json\/wp\/v2\/posts"}],"about":[{"href":"https:\/\/guineechrono.com\/index.php\/wp-json\/wp\/v2\/types\/post"}],"author":[{"embeddable":true,"href":"https:\/\/guineechrono.com\/index.php\/wp-json\/wp\/v2\/users\/2"}],"replies":[{"embeddable":true,"href":"https:\/\/guineechrono.com\/index.php\/wp-json\/wp\/v2\/comments?post=925"}],"version-history":[{"count":0,"href":"https:\/\/guineechrono.com\/index.php\/wp-json\/wp\/v2\/posts\/925\/revisions"}],"wp:featuredmedia":[{"embeddable":true,"href":"https:\/\/guineechrono.com\/index.php\/wp-json\/wp\/v2\/media\/926"}],"wp:attachment":[{"href":"https:\/\/guineechrono.com\/index.php\/wp-json\/wp\/v2\/media?parent=925"}],"wp:term":[{"taxonomy":"category","embeddable":true,"href":"https:\/\/guineechrono.com\/index.php\/wp-json\/wp\/v2\/categories?post=925"},{"taxonomy":"post_tag","embeddable":true,"href":"https:\/\/guineechrono.com\/index.php\/wp-json\/wp\/v2\/tags?post=925"}],"curies":[{"name":"wp","href":"https:\/\/api.w.org\/{rel}","templated":true}]}}