{"id":9632,"date":"2019-10-11T11:53:16","date_gmt":"2019-10-11T10:53:16","guid":{"rendered":"http:\/\/guineechrono.com\/?p=9632"},"modified":"2019-10-11T11:53:16","modified_gmt":"2019-10-11T10:53:16","slug":"journee-internationale-de-la-jeune-fille-voici-la-declaration-de-la-ministre-de-laction-sociale","status":"publish","type":"post","link":"https:\/\/guineechrono.com\/index.php\/journee-internationale-de-la-jeune-fille-voici-la-declaration-de-la-ministre-de-laction-sociale\/","title":{"rendered":"Journ\u00e9e internationale de la Jeune fille: voici la d\u00e9claration de la ministre de l\u2019Action Sociale"},"content":{"rendered":"<p>Le Vendredi 11 octobre 2019, la Communaut\u00e9 Internationale c\u00e9l\u00e9brera le 8<sup>\u00e8me<\/sup>\u00a0Anniversaire de l\u2019adoption par l\u2019Assembl\u00e9e G\u00e9n\u00e9rale des Nations Unies, de la R\u00e9solution 66\/170 consacrant la Journ\u00e9e Internationale de la Jeune Fille.<\/p>\n<p>Cette c\u00e9l\u00e9bration sera organis\u00e9e autour du th\u00e8me \u00ab\u00a0<strong><em>Les Filles: Une force libre et Inarr\u00eatable!\u00a0\u00bb<\/em><\/strong>. Cet \u00e9v\u00e8nement v\u00e9cu \u00e0 travers le monde entier depuis 2012 offre l\u2019opportunit\u00e9 d\u2019attirer l\u2019attention des d\u00e9cideurs \u00e0 tous les niveaux sur la n\u00e9cessit\u00e9 de conforter la situation des filles.<\/p>\n<p>Aussi, la Communaut\u00e9 Internationale consid\u00e8re ce 11 Octobre 2019 comme un tremplin vers le Sommet des Chefs d\u2019Etats \u00e0 Nairobi sur la Conf\u00e9rence Internationale sur la Population et le D\u00e9veloppement +25 (CIPD+25), o\u00f9 les Gouvernements prendront des engagements pour une meilleure protection des droits fondamentaux des filles.<\/p>\n<p>Conform\u00e9ment \u00e0 ces engagements qui s\u2019inscrivent dans la dynamique de promotion des enfants et des adolescentes, la R\u00e9publique de Guin\u00e9e se joint \u00e0 tous les Etats membres pour soutenir toutes initiatives concourants au renforcement des capacit\u00e9s des jeunes filles en vue de les habiliter une personnalit\u00e9 accomplie par le biais de l\u2019instruction et l\u2019\u00e9ducation ad\u00e9quate, de sant\u00e9, d\u2019autonomisation et de protection sociale, notamment contre les diff\u00e9rentes formes de violences, telles que le viol, les Mutilations G\u00e9nitales F\u00e9minines, le mariage pr\u00e9coce et d\u2019autres abus physiques et psychologiques.<\/p>\n<p>En Guin\u00e9e, certes d\u2019immenses efforts ont \u00e9t\u00e9 d\u00e9ploy\u00e9s par le Gouvernement avec l\u2019appui de ses partenaires au d\u00e9veloppement, en termes d\u2019adoption de l\u00e9gislations, de politiques et de strat\u00e9gies, ainsi que de d\u00e9veloppement de programmes et projets sp\u00e9cifiques aux femmes et aux jeunes filles. Cependant de nombreuses d\u2019entre elles sont encore d\u00e9savantag\u00e9es en raison de la pauvret\u00e9 des familles et de la persistance des pr\u00e9jug\u00e9s socioculturels. Les filles vivant en milieu rural et celles porteuses d\u2019handicap en particulier, en raison de leur invisibilit\u00e9, continuent de subir davantage de pires formes de violences, y compris les mariages pr\u00e9coces et forc\u00e9s.<\/p>\n<p><strong>Mesdames et Messieurs,<\/strong><\/p>\n<p><strong>Chers compatriotes,<\/strong><\/p>\n<p>Dans le contexte National, la c\u00e9r\u00e9monie officielle de c\u00e9l\u00e9bration de la Journ\u00e9e Internationale sera abrit\u00e9e par Mamou o\u00f9 les d\u00e9cideurs, les acteurs de la Soci\u00e9t\u00e9 Civile, les partenaires au d\u00e9veloppement et les populations des localit\u00e9s de la R\u00e9gion seront r\u00e9unis en communion pour passer des messages de sensibilisation en faveur des jeunes filles.<\/p>\n<p>De nombreuses structures de jeunes filles, notamment le club des jeunes filles leaders de Guin\u00e9e, le conseil consultatif des enfants et jeunes de Guin\u00e9e, l\u2019Organisation de secours aux personnes handicap\u00e9es de Guin\u00e9e apporteront leurs contributions dans la perspective de ne laisser personne pour compte.<\/p>\n<p>C\u2019est le lieu pour moi de remercier le\u00a0<strong>Professeur Alpha CONDE Pr\u00e9sident de la R\u00e9publique, Chef de l\u2019Etat<\/strong>\u00a0pour sa d\u00e9termination de promouvoir et d\u2019autonomiser les couches vuln\u00e9rables en Guin\u00e9e dont les jeunes filles et les femmes handicap\u00e9es.<\/p>\n<p><strong>Citoyennes\u00a0 et Citoyens ;<\/strong><\/p>\n<p><strong>Chers Compatriotes\u00a0;<\/strong><\/p>\n<p>Ces remerciements s\u2019adressent aux partenaires techniques et financiers, en particulier Plan Internationale Guin\u00e9e, l\u2019UNFPA, l\u2019UNICEF, Child Fund, GIZ et la Fondation PROSMI pour leurs contributions inestimables dans l\u2019accompagnement du Gouvernement en mati\u00e8re de protection des filles.<\/p>\n<p><strong>Vive la Journ\u00e9e Internationale de la Jeune Fille<\/strong><\/p>\n<p><strong>Vive les filles du Monde<\/strong><\/p>\n<p><strong>Vive les filles de Guin\u00e9e<\/strong><\/p>\n<p><strong>Vive la Coop\u00e9ration Internationale\u00a0<\/strong><\/p>\n<p><strong>Transmis par la Cellule de Communication du Gouvernement\u00a0 \u00a0<\/strong><\/p>\n<p>&nbsp;<\/p>\n","protected":false},"excerpt":{"rendered":"<p>Le Vendredi 11 octobre 2019, la Communaut\u00e9 Internationale c\u00e9l\u00e9brera le 8\u00e8me\u00a0Anniversaire de l\u2019adoption par l\u2019Assembl\u00e9e G\u00e9n\u00e9rale des Nations Unies, de la R\u00e9solution 66\/170 consacrant la Journ\u00e9e Internationale de la Jeune Fille. Cette c\u00e9l\u00e9bration sera organis\u00e9e autour du th\u00e8me \u00ab\u00a0Les Filles: Une force libre et Inarr\u00eatable!\u00a0\u00bb. Cet \u00e9v\u00e8nement v\u00e9cu \u00e0 travers le monde entier depuis 2012 [&hellip;]<\/p>\n","protected":false},"author":2,"featured_media":9633,"comment_status":"open","ping_status":"closed","sticky":false,"template":"","format":"standard","meta":{"buzzeditor_post_format":"","footnotes":""},"categories":[1],"tags":[],"class_list":["post-9632","post","type-post","status-publish","format-standard","has-post-thumbnail","hentry","category-non-classe"],"jetpack_featured_media_url":"https:\/\/guineechrono.com\/wp-content\/uploads\/2019\/10\/action-sociale.jpg","amp_enabled":true,"_links":{"self":[{"href":"https:\/\/guineechrono.com\/index.php\/wp-json\/wp\/v2\/posts\/9632","targetHints":{"allow":["GET"]}}],"collection":[{"href":"https:\/\/guineechrono.com\/index.php\/wp-json\/wp\/v2\/posts"}],"about":[{"href":"https:\/\/guineechrono.com\/index.php\/wp-json\/wp\/v2\/types\/post"}],"author":[{"embeddable":true,"href":"https:\/\/guineechrono.com\/index.php\/wp-json\/wp\/v2\/users\/2"}],"replies":[{"embeddable":true,"href":"https:\/\/guineechrono.com\/index.php\/wp-json\/wp\/v2\/comments?post=9632"}],"version-history":[{"count":0,"href":"https:\/\/guineechrono.com\/index.php\/wp-json\/wp\/v2\/posts\/9632\/revisions"}],"wp:featuredmedia":[{"embeddable":true,"href":"https:\/\/guineechrono.com\/index.php\/wp-json\/wp\/v2\/media\/9633"}],"wp:attachment":[{"href":"https:\/\/guineechrono.com\/index.php\/wp-json\/wp\/v2\/media?parent=9632"}],"wp:term":[{"taxonomy":"category","embeddable":true,"href":"https:\/\/guineechrono.com\/index.php\/wp-json\/wp\/v2\/categories?post=9632"},{"taxonomy":"post_tag","embeddable":true,"href":"https:\/\/guineechrono.com\/index.php\/wp-json\/wp\/v2\/tags?post=9632"}],"curies":[{"name":"wp","href":"https:\/\/api.w.org\/{rel}","templated":true}]}}